{"id":8851,"date":"2021-09-01T12:00:00","date_gmt":"2021-09-01T10:00:00","guid":{"rendered":"http:\/\/slivnica.splet.arnes.si\/?p=8851"},"modified":"2024-08-21T11:02:54","modified_gmt":"2024-08-21T09:02:54","slug":"varstvo-osebnih-podatkov","status":"publish","type":"post","link":"https:\/\/slivnica.si\/?p=8851","title":{"rendered":"Varstvo osebnih podatkov"},"content":{"rendered":"<p>Na Osnovni \u0161oli Slivnica pri Celju se zavedamo pomena zasebnosti in si prizadevamo, da so osebni podatki pri nas za\u0161\u010diteni. Osebne podatke zaposlenih, poslovnih partnerjev in star\u0161ev oziroma osebne podatke u\u010dencev obdelujemo izklju\u010dno zaradi namena, zaradi katerega so bili podatki zbrani. Osebni podatki za splo\u0161no javnost ne bodo dostopni. Ker je skrb za podatke vrednota, bomo vse osebne podatke varovali v skladu z veljavnimi predpisi in z visoko stopnjo odgovornosti.<\/p>\n<p>Vabimo vas, da si preberete informacije o obdelavi osebnih podatkov za posameznike.<\/p>\n<p><a href=\"https:\/\/slivnica.si\/files\/2022\/09\/informacije_o_obdelavi_osebnih_podatkov_za_posameznike.pdf\" target=\"_blank\" rel=\"noopener\">INFORMACIJE O OBDELAVI OSEBNIH PODATKOV ZA POSAMEZNIKE<\/a><\/p>\n<p>Upravljalka Breda \u017dupanc, ravnateljica O\u0160 Slivnica pri Celju, je imenovala poobla\u0161\u010deno osebo za varstvo osebnih podatkov v Osnovni \u0161oli Slivnica pri Celju. To je Renata Kolar Krajnc. Posameznik lahko vpra\u0161anja, vezana na obdelavo in varovanje osebnih podatkov, posreduje upravljalcu ali poobla\u0161\u010deni osebi za varstvo osebnih podatkov na elektronski naslov: renata.krajnc@slivnica.si ali na tel. \u0161t. 05 969 6050.<\/p>\n<p>S pisno zahtevo, poslano na naslov Osnovna \u0161ola Slivnica pri Celju, Gorica pri Slivnici 61, 3263 Gorica pri Slivnici, lahko posameznik zahteva dostop, dopolnitev, popravek, blokiranje oz. omejitev obdelave ali izbris osebnih podatkov, ugovarja obdelavi podatkov, ki se obdelujejo v zvezi z njim ter zahteva prenos podatkov.<\/p>\n<p>Posameznik lahko dane privolitve v obdelavo osebnih kadarkoli trajno ali za\u010dasno, v celoti ali delno prekli\u010de s pisno zahtevo, poslano na naslov Osnovna \u0161ola Slivnica pri Celju, Gorica pri Slivnici 61, 3263 Gorica pri Slivnici. Preklic privolitve ne vpliva na zakonitost obdelave, ki se je na podlagi privolitve izvajala do njenega preklica.<\/p>\n<p>Posameznik ima pravico vlo\u017eiti prito\u017ebo pri Informacijskem poobla\u0161\u010dencu RS, \u010de meni, da se njegovi osebni podatki shranjujejo ali kako druga\u010de obdelujejo v nasprotju z veljavnimi predpisi, ki urejajo varstvo osebnih podatkov.<\/p>\n<p><a href=\"https:\/\/slivnica.si\/files\/2022\/09\/soglasje_starsev.pdf\" target=\"_blank\" rel=\"noopener\">SOGLASJE STAR\u0160EV oz. SKRBNIKOV<\/a><\/p>\n<p><a href=\"https:\/\/slivnica.si\/files\/2022\/09\/PRAVILNIK-o-obdelavi-in-varstvu-osebnih-podatkov.pdf\" target=\"_blank\" rel=\"noopener\">PRAVILNIK o obdelavi in varstvu osebnih podatkov O\u0160 Slivnica pri Celju<\/a><\/p>\n","protected":false},"excerpt":{"rendered":"<p>Na Osnovni \u0161oli Slivnica pri Celju se zavedamo pomena zasebnosti in si prizadevamo, da so osebni podatki pri nas za\u0161\u010diteni. Osebne podatke zaposlenih, poslovnih partnerjev in star\u0161ev oziroma osebne podatke u\u010dencev obdelujemo izklju\u010dno zaradi namena, zaradi katerega so bili podatki zbrani. Osebni podatki za splo\u0161no javnost ne bodo dostopni. Ker je skrb za podatke vrednota, [&hellip;]<\/p>\n","protected":false},"author":6068,"featured_media":0,"comment_status":"closed","ping_status":"closed","sticky":false,"template":"","format":"standard","meta":{"_et_pb_use_builder":"","_et_pb_old_content":"","_et_gb_content_width":"","ngg_post_thumbnail":0,"footnotes":"","_expiration-date-status":"","_expiration-date":0,"_expiration-date-type":"","_expiration-date-categories":[],"_expiration-date-options":[]},"categories":[1],"tags":[],"class_list":["post-8851","post","type-post","status-publish","format-standard","hentry","category-nekategorizirano","et-doesnt-have-format-content","et_post_format-et-post-format-standard"],"_links":{"self":[{"href":"https:\/\/slivnica.si\/index.php?rest_route=\/wp\/v2\/posts\/8851","targetHints":{"allow":["GET"]}}],"collection":[{"href":"https:\/\/slivnica.si\/index.php?rest_route=\/wp\/v2\/posts"}],"about":[{"href":"https:\/\/slivnica.si\/index.php?rest_route=\/wp\/v2\/types\/post"}],"author":[{"embeddable":true,"href":"https:\/\/slivnica.si\/index.php?rest_route=\/wp\/v2\/users\/6068"}],"replies":[{"embeddable":true,"href":"https:\/\/slivnica.si\/index.php?rest_route=%2Fwp%2Fv2%2Fcomments&post=8851"}],"version-history":[{"count":14,"href":"https:\/\/slivnica.si\/index.php?rest_route=\/wp\/v2\/posts\/8851\/revisions"}],"predecessor-version":[{"id":27009,"href":"https:\/\/slivnica.si\/index.php?rest_route=\/wp\/v2\/posts\/8851\/revisions\/27009"}],"wp:attachment":[{"href":"https:\/\/slivnica.si\/index.php?rest_route=%2Fwp%2Fv2%2Fmedia&parent=8851"}],"wp:term":[{"taxonomy":"category","embeddable":true,"href":"https:\/\/slivnica.si\/index.php?rest_route=%2Fwp%2Fv2%2Fcategories&post=8851"},{"taxonomy":"post_tag","embeddable":true,"href":"https:\/\/slivnica.si\/index.php?rest_route=%2Fwp%2Fv2%2Ftags&post=8851"}],"curies":[{"name":"wp","href":"https:\/\/api.w.org\/{rel}","templated":true}]}}