{"id":33901,"date":"2026-09-03T06:28:23","date_gmt":"2026-09-03T04:28:23","guid":{"rendered":"https:\/\/slivnica.splet.arnes.si\/?p=33901"},"modified":"2026-09-03T06:28:23","modified_gmt":"2026-09-03T04:28:23","slug":"prvi-solski-dan-v-loki-7","status":"publish","type":"post","link":"https:\/\/slivnica.si\/?p=33901","title":{"rendered":"Prvi \u0161olski dan v Loki"},"content":{"rendered":"<p>Leto\u0161nji 1. september je bil na P\u0160 Loka pri \u017dusmu \u0161e posebej pomemben za 2 deklici in 5 de\u010dkov. S tem, ko so prvi\u010d prestopili \u0161olski prag, so postali \u0161olarji in se podali na novo popotovanje.<\/p>\n<p>Da bi bil vstop v \u0161olo za njih \u010dim bolj spro\u0161\u010den, so jim starej\u0161i u\u010denci pripravili kratek kulturni program, vodja podru\u017enice Frida Guben\u0161ek pa je prvo\u0161olcem in njihovim star\u0161em v znak dobrodo\u0161lice namenila nekaj toplih in spodbudnih besed. Ob koncu programa sta jih obiskala \u0161e policista policijske postaje \u0160entjur. Ker je prometna varnost zelo pomembna,&nbsp;jim je policist Jazbin\u0161ek podelil rumene rutice.<\/p>\n<p>Po programu so prvo\u0161olci skupaj s star\u0161i spoznali \u0161e njihovo u\u010dilnico in Nandeta, ki jim bo tekom \u0161olskega leta nekoliko popestril u\u010dne ure. Dobrodo\u0161lico sta jim izrekla \u0161e ravnateljica Monika Gajsler ter \u017eupan Marko Diaci. V dar so od Ob\u010dine \u0160entjur dobili rumeno rutico, kresni\u010dko in knjigo Mlada \u010dopka.<\/p>\n<p>Za piko na i je odli\u010dna tortica poskrbela, da bo prvo\u0161olcem prvi \u0161olski dan ostal \u0161e v lep\u0161em spominu.<\/p>\n<p>Ob vstopu v \u0161olo jim \u017eelimo uspe\u0161en za\u010detek \u0161olanja, veliko novega znanja in prijateljev.<\/p>\nngg_shortcode_0_placeholder\n","protected":false},"excerpt":{"rendered":"<p>Leto\u0161nji 1. september je bil na P\u0160 Loka pri \u017dusmu \u0161e posebej pomemben za 2 deklici in 5 de\u010dkov. S tem, ko so prvi\u010d prestopili \u0161olski prag, so postali \u0161olarji in se podali na novo popotovanje. Da bi bil vstop v \u0161olo za njih \u010dim bolj spro\u0161\u010den, so jim starej\u0161i u\u010denci pripravili kratek kulturni program, [&hellip;]<\/p>\n","protected":false},"author":6078,"featured_media":0,"comment_status":"closed","ping_status":"closed","sticky":false,"template":"","format":"standard","meta":{"_et_pb_use_builder":"","_et_pb_old_content":"","_et_gb_content_width":"","ngg_post_thumbnail":0,"footnotes":""},"categories":[9,10],"tags":[],"class_list":["post-33901","post","type-post","status-publish","format-standard","hentry","category-aktualno","category-ps-loka","et-doesnt-have-format-content","et_post_format-et-post-format-standard"],"publishpress_future_action":{"enabled":false,"date":"2026-09-10 09:23:54","action":"change-status","newStatus":"draft","terms":[],"taxonomy":"category","extraData":[]},"publishpress_future_workflow_manual_trigger":{"enabledWorkflows":[]},"_links":{"self":[{"href":"https:\/\/slivnica.si\/index.php?rest_route=\/wp\/v2\/posts\/33901","targetHints":{"allow":["GET"]}}],"collection":[{"href":"https:\/\/slivnica.si\/index.php?rest_route=\/wp\/v2\/posts"}],"about":[{"href":"https:\/\/slivnica.si\/index.php?rest_route=\/wp\/v2\/types\/post"}],"author":[{"embeddable":true,"href":"https:\/\/slivnica.si\/index.php?rest_route=\/wp\/v2\/users\/6078"}],"replies":[{"embeddable":true,"href":"https:\/\/slivnica.si\/index.php?rest_route=%2Fwp%2Fv2%2Fcomments&post=33901"}],"version-history":[{"count":4,"href":"https:\/\/slivnica.si\/index.php?rest_route=\/wp\/v2\/posts\/33901\/revisions"}],"predecessor-version":[{"id":33906,"href":"https:\/\/slivnica.si\/index.php?rest_route=\/wp\/v2\/posts\/33901\/revisions\/33906"}],"wp:attachment":[{"href":"https:\/\/slivnica.si\/index.php?rest_route=%2Fwp%2Fv2%2Fmedia&parent=33901"}],"wp:term":[{"taxonomy":"category","embeddable":true,"href":"https:\/\/slivnica.si\/index.php?rest_route=%2Fwp%2Fv2%2Fcategories&post=33901"},{"taxonomy":"post_tag","embeddable":true,"href":"https:\/\/slivnica.si\/index.php?rest_route=%2Fwp%2Fv2%2Ftags&post=33901"}],"curies":[{"name":"wp","href":"https:\/\/api.w.org\/{rel}","templated":true}]}}