{"id":33864,"date":"2026-09-01T19:49:59","date_gmt":"2026-09-01T17:49:59","guid":{"rendered":"https:\/\/slivnica.splet.arnes.si\/?p=33864"},"modified":"2026-09-01T19:49:59","modified_gmt":"2026-09-01T17:49:59","slug":"prvi-solski-dan-nasih-prvosolcev-na-maticni-soli","status":"publish","type":"post","link":"https:\/\/slivnica.si\/?p=33864","title":{"rendered":"Prvi \u0161olski dan na\u0161ih prvo\u0161olcev na mati\u010dni \u0161oli"},"content":{"rendered":"<p>Prvi \u0161olski dan je na\u0161im prvo\u0161olcem prinesel veliko novih do\u017eivetij in nasmehov. V \u0161olske klopi so zakorakali polni pri\u010dakovanj in veselja ter naredili svoj prvi pomemben korak na poti \u0161olskih dogodiv\u0161\u010din.<\/p>\n<p>Ob prihodu jih je prijazno sprejela u\u010diteljica&nbsp;<strong>Andreja<\/strong>, ki jim je pripravila topel in prijazen za\u010detek \u0161olskega leta. Pozdravila jih je tudi ravnateljica ter jim za\u017eelela veliko lepih trenutkov v \u0161oli.<\/p>\n<p>Za na\u0161e najmlaj\u0161e je bilo \u0161e posebej zanimivo sre\u010danje s policistom, ki jim je na kratko predstavil&nbsp;osnove varnega vedenja v prometu&nbsp;in jih spomnil, kako pomembno je biti previden na poti v \u0161olo in domov.<\/p>\n<p>Starej\u0161i u\u010denci so za prvo\u0161olce pripravili tudi kratek program in jim tako polep\u0161ali njihov prvi \u0161olski dan. S svojim obiskom jih je razveselil tudi&nbsp;\u017eupan, ki jih je pozdravil ter jim podaril rumene rutice, knjige in kresni\u010dke. Za sladico so poskrbele na\u0161e odli\u010dne kuharice in na\u0161e u\u010dence razveselile z okusno torto.<\/p>\n<p>Prvo\u0161olci so tako svoj prvi \u0161olski dan za\u010deli v prijetnem, spodbudnem in varnem okolju. Verjamemo, da bo pred njimi \u010dudovita \u0161olska pot, polna znanja, prijateljstva, igre in nepozabnih dogodiv\u0161\u010din.<\/p>\n<p><strong>Dobrodo\u0161li v \u0161oli, na\u0161i prvo\u0161olci! \u017delimo vam veliko veselja in uspehov na va\u0161i novi poti!<\/strong>&nbsp;<\/p>\nngg_shortcode_0_placeholder\n","protected":false},"excerpt":{"rendered":"<p>Prvi \u0161olski dan je na\u0161im prvo\u0161olcem prinesel veliko novih do\u017eivetij in nasmehov. V \u0161olske klopi so zakorakali polni pri\u010dakovanj in veselja ter naredili svoj prvi pomemben korak na poti \u0161olskih dogodiv\u0161\u010din. Ob prihodu jih je prijazno sprejela u\u010diteljica&nbsp;Andreja, ki jim je pripravila topel in prijazen za\u010detek \u0161olskega leta. Pozdravila jih je tudi ravnateljica ter jim [&hellip;]<\/p>\n","protected":false},"author":5704,"featured_media":0,"comment_status":"closed","ping_status":"closed","sticky":false,"template":"","format":"standard","meta":{"_et_pb_use_builder":"","_et_pb_old_content":"","_et_gb_content_width":"","ngg_post_thumbnail":0,"footnotes":""},"categories":[9],"tags":[],"class_list":["post-33864","post","type-post","status-publish","format-standard","hentry","category-aktualno","et-doesnt-have-format-content","et_post_format-et-post-format-standard"],"publishpress_future_action":{"enabled":false,"date":"2026-09-09 00:22:50","action":"change-status","newStatus":"draft","terms":[],"taxonomy":"category","extraData":[]},"publishpress_future_workflow_manual_trigger":{"enabledWorkflows":[]},"_links":{"self":[{"href":"https:\/\/slivnica.si\/index.php?rest_route=\/wp\/v2\/posts\/33864","targetHints":{"allow":["GET"]}}],"collection":[{"href":"https:\/\/slivnica.si\/index.php?rest_route=\/wp\/v2\/posts"}],"about":[{"href":"https:\/\/slivnica.si\/index.php?rest_route=\/wp\/v2\/types\/post"}],"author":[{"embeddable":true,"href":"https:\/\/slivnica.si\/index.php?rest_route=\/wp\/v2\/users\/5704"}],"replies":[{"embeddable":true,"href":"https:\/\/slivnica.si\/index.php?rest_route=%2Fwp%2Fv2%2Fcomments&post=33864"}],"version-history":[{"count":1,"href":"https:\/\/slivnica.si\/index.php?rest_route=\/wp\/v2\/posts\/33864\/revisions"}],"predecessor-version":[{"id":33865,"href":"https:\/\/slivnica.si\/index.php?rest_route=\/wp\/v2\/posts\/33864\/revisions\/33865"}],"wp:attachment":[{"href":"https:\/\/slivnica.si\/index.php?rest_route=%2Fwp%2Fv2%2Fmedia&parent=33864"}],"wp:term":[{"taxonomy":"category","embeddable":true,"href":"https:\/\/slivnica.si\/index.php?rest_route=%2Fwp%2Fv2%2Fcategories&post=33864"},{"taxonomy":"post_tag","embeddable":true,"href":"https:\/\/slivnica.si\/index.php?rest_route=%2Fwp%2Fv2%2Ftags&post=33864"}],"curies":[{"name":"wp","href":"https:\/\/api.w.org\/{rel}","templated":true}]}}