{"id":26613,"date":"2024-06-13T11:34:18","date_gmt":"2024-06-13T09:34:18","guid":{"rendered":"https:\/\/slivnica.splet.arnes.si\/?p=26613"},"modified":"2024-06-13T11:58:59","modified_gmt":"2024-06-13T09:58:59","slug":"pecemo-in-se-ucimo-pri-uciteljici-mariji","status":"publish","type":"post","link":"https:\/\/slivnica.si\/?p=26613","title":{"rendered":"Pe\u010demo in se u\u010dimo pri u\u010diteljici Mariji"},"content":{"rendered":"<div class=\"xdj266r x11i5rnm xat24cr x1mh8g0r x1vvkbs x126k92a\">\n<div dir=\"auto\">Na Prevorju smo vklju\u010deni v projekt Tedni vse\u017eivljenjskega u\u010denja.<\/div>\n<div dir=\"auto\">&nbsp;<\/div>\n<div dir=\"auto\">V ponedeljek, 3. 6. 2024, smo imeli medgeneracijsko delavnico pri na\u0161i upokojeni u\u010diteljici Mariji Frece Perc.<\/div>\n<div dir=\"auto\">&nbsp;<\/div>\n<\/div>\n<div class=\"x11i5rnm xat24cr x1mh8g0r x1vvkbs xtlvy1s x126k92a\">\n<div dir=\"auto\">Mesili smo testo, med \u010dakanjem spoznavali njen zeli\u0161\u010dni vrt in oku\u0161ali divje rastline okoli njenega doma&#8230; Nato pa naredili pice ter limonado z meliso. Razmi\u0161ljali smo tudi o &#8220;\u0161porhertu&#8221; in njegovem delovanju. <span class=\"html-span xexx8yu x4uap5 x18d9i69 xkhd6sd x1hl2dhg x16tdsg8 x1vvkbs x3nfvp2 x1j61x8r x1fcty0u xdj266r xat24cr xgzva0m xhhsvwb xxymvpz xlup9mm x1kky2od\"><img loading=\"lazy\" decoding=\"async\" class=\"xz74otr\" src=\"https:\/\/static.xx.fbcdn.net\/images\/emoji.php\/v9\/t4f\/1\/16\/1f601.png\" alt=\"\ud83d\ude01\" width=\"16\" height=\"16\"><\/span><\/div>\n<div dir=\"auto\">&nbsp;<\/div>\n<\/div>\n<div class=\"x11i5rnm xat24cr x1mh8g0r x1vvkbs xtlvy1s x126k92a\">\n<div dir=\"auto\">Zaklju\u010dili pa seveda s prijetnim dru\u017eenjem za eno polno oblo\u017eeno mizo, ki smo jo sami pripravili. <span class=\"html-span xexx8yu x4uap5 x18d9i69 xkhd6sd x1hl2dhg x16tdsg8 x1vvkbs x3nfvp2 x1j61x8r x1fcty0u xdj266r xat24cr xgzva0m xhhsvwb xxymvpz xlup9mm x1kky2od\"><img loading=\"lazy\" decoding=\"async\" class=\"xz74otr\" src=\"https:\/\/static.xx.fbcdn.net\/images\/emoji.php\/v9\/tea\/1\/16\/1f970.png\" alt=\"\ud83e\udd70\" width=\"16\" height=\"16\"><\/span><\/div>\n<\/div>\n<div dir=\"auto\">ngg_shortcode_0_placeholder<\/div>\n","protected":false},"excerpt":{"rendered":"<p>Na Prevorju smo vklju\u010deni v projekt Tedni vse\u017eivljenjskega u\u010denja. &nbsp; V ponedeljek, 3. 6. 2024, smo imeli medgeneracijsko delavnico pri na\u0161i upokojeni u\u010diteljici Mariji Frece Perc. &nbsp; Mesili smo testo, med \u010dakanjem spoznavali njen zeli\u0161\u010dni vrt in oku\u0161ali divje rastline okoli njenega doma&#8230; Nato pa naredili pice ter limonado z meliso. Razmi\u0161ljali smo tudi o [&hellip;]<\/p>\n","protected":false},"author":7958,"featured_media":0,"comment_status":"closed","ping_status":"closed","sticky":false,"template":"","format":"standard","meta":{"_et_pb_use_builder":"","_et_pb_old_content":"","_et_gb_content_width":"","ngg_post_thumbnail":0,"footnotes":"","_expiration-date-status":"","_expiration-date":0,"_expiration-date-type":"","_expiration-date-categories":[],"_expiration-date-options":[]},"categories":[9,11],"tags":[],"class_list":["post-26613","post","type-post","status-publish","format-standard","hentry","category-aktualno","category-ps-prevorje","et-doesnt-have-format-content","et_post_format-et-post-format-standard"],"_links":{"self":[{"href":"https:\/\/slivnica.si\/index.php?rest_route=\/wp\/v2\/posts\/26613","targetHints":{"allow":["GET"]}}],"collection":[{"href":"https:\/\/slivnica.si\/index.php?rest_route=\/wp\/v2\/posts"}],"about":[{"href":"https:\/\/slivnica.si\/index.php?rest_route=\/wp\/v2\/types\/post"}],"author":[{"embeddable":true,"href":"https:\/\/slivnica.si\/index.php?rest_route=\/wp\/v2\/users\/7958"}],"replies":[{"embeddable":true,"href":"https:\/\/slivnica.si\/index.php?rest_route=%2Fwp%2Fv2%2Fcomments&post=26613"}],"version-history":[{"count":3,"href":"https:\/\/slivnica.si\/index.php?rest_route=\/wp\/v2\/posts\/26613\/revisions"}],"predecessor-version":[{"id":26616,"href":"https:\/\/slivnica.si\/index.php?rest_route=\/wp\/v2\/posts\/26613\/revisions\/26616"}],"wp:attachment":[{"href":"https:\/\/slivnica.si\/index.php?rest_route=%2Fwp%2Fv2%2Fmedia&parent=26613"}],"wp:term":[{"taxonomy":"category","embeddable":true,"href":"https:\/\/slivnica.si\/index.php?rest_route=%2Fwp%2Fv2%2Fcategories&post=26613"},{"taxonomy":"post_tag","embeddable":true,"href":"https:\/\/slivnica.si\/index.php?rest_route=%2Fwp%2Fv2%2Ftags&post=26613"}],"curies":[{"name":"wp","href":"https:\/\/api.w.org\/{rel}","templated":true}]}}