{"id":15129,"date":"2021-10-22T15:04:34","date_gmt":"2021-10-22T13:04:34","guid":{"rendered":"https:\/\/slivnica.splet.arnes.si\/?p=15129"},"modified":"2021-10-22T15:04:34","modified_gmt":"2021-10-22T13:04:34","slug":"bralni-teden-5","status":"publish","type":"post","link":"https:\/\/slivnica.si\/?p=15129","title":{"rendered":"Bralni teden"},"content":{"rendered":"<p>V tednu pred jesenskimi po\u010ditnicami, med 18. in 22. oktobrom 2021, smo izpeljali bralni teden. Z njim smo se pridru\u017eili skupnemu branju v okviru Nacionalnega meseca skupnega branja. Brali smo vsi, u\u010denci in u\u010ditelji, na razredni in predmetni stopnji. Samostojno smo prebirali knjige po lastnem izboru. Branju smo namenili \u010das pri vsaki \u0161olski uri ali strnjeno &#8211; enkrat dnevno pri mlaj\u0161ih u\u010dencih. Prvo\u0161olci so u\u017eivali ob dramatizaciji Razbite bu\u010de, drugo\u0161olci so poslu\u0161ali zgodbe iz zbirke Pozor, pravljice,\u00a0 tretje\u0161olci so priredili pravo knji\u017eno \u010dajanko.\u00a0 Aktivnosti, povezane z branjem, so izvajale u\u010diteljice tudi v oddelkih podalj\u0161anega bivanja.<\/p>\n<p>Z bralnim tednom smo \u017eeleli spodbuditi branje, pogovore o knjigah, priporo\u010danje knjig drug drugemu, predstavljanje prebranega za bralne zna\u010dke.<\/p>\n<p>Bralni teden smo uspe\u0161no izvedli, kljub te\u017ejim pogojem, ker zaradi prenove trenutno nimamo \u0161olske knji\u017enice oziroma je ta postala &#8220;potujo\u010da&#8221;, ki je u\u010dencem knjige dostavljala v razrede. Izposoja in zanimanje za knjige sta se v bralnem tednu pove\u010dali.<\/p>\n<p>Dnevi bodo postajali \u0161e kraj\u0161i, ve\u010deri se bodo dalj\u0161ali. Izkoristite jih za branje \u0161e naprej.<\/p>\nngg_shortcode_0_placeholder\n<p>&nbsp;<\/p>\n<p>&nbsp;<\/p>\n<p>&nbsp;<\/p>\n","protected":false},"excerpt":{"rendered":"<p>V tednu pred jesenskimi po\u010ditnicami, med 18. in 22. oktobrom 2021, smo izpeljali bralni teden. Z njim smo se pridru\u017eili skupnemu branju v okviru Nacionalnega meseca skupnega branja. Brali smo vsi, u\u010denci in u\u010ditelji, na razredni in predmetni stopnji. Samostojno smo prebirali knjige po lastnem izboru. Branju smo namenili \u010das pri vsaki \u0161olski uri ali [&hellip;]<\/p>\n","protected":false},"author":4050,"featured_media":0,"comment_status":"closed","ping_status":"closed","sticky":false,"template":"","format":"standard","meta":{"_et_pb_use_builder":"","_et_pb_old_content":"","_et_gb_content_width":"","ngg_post_thumbnail":0,"footnotes":"","_expiration-date-status":"","_expiration-date":0,"_expiration-date-type":"","_expiration-date-categories":[],"_expiration-date-options":[]},"categories":[9],"tags":[],"class_list":["post-15129","post","type-post","status-publish","format-standard","hentry","category-aktualno","et-doesnt-have-format-content","et_post_format-et-post-format-standard"],"_links":{"self":[{"href":"https:\/\/slivnica.si\/index.php?rest_route=\/wp\/v2\/posts\/15129","targetHints":{"allow":["GET"]}}],"collection":[{"href":"https:\/\/slivnica.si\/index.php?rest_route=\/wp\/v2\/posts"}],"about":[{"href":"https:\/\/slivnica.si\/index.php?rest_route=\/wp\/v2\/types\/post"}],"author":[{"embeddable":true,"href":"https:\/\/slivnica.si\/index.php?rest_route=\/wp\/v2\/users\/4050"}],"replies":[{"embeddable":true,"href":"https:\/\/slivnica.si\/index.php?rest_route=%2Fwp%2Fv2%2Fcomments&post=15129"}],"version-history":[{"count":5,"href":"https:\/\/slivnica.si\/index.php?rest_route=\/wp\/v2\/posts\/15129\/revisions"}],"predecessor-version":[{"id":15139,"href":"https:\/\/slivnica.si\/index.php?rest_route=\/wp\/v2\/posts\/15129\/revisions\/15139"}],"wp:attachment":[{"href":"https:\/\/slivnica.si\/index.php?rest_route=%2Fwp%2Fv2%2Fmedia&parent=15129"}],"wp:term":[{"taxonomy":"category","embeddable":true,"href":"https:\/\/slivnica.si\/index.php?rest_route=%2Fwp%2Fv2%2Fcategories&post=15129"},{"taxonomy":"post_tag","embeddable":true,"href":"https:\/\/slivnica.si\/index.php?rest_route=%2Fwp%2Fv2%2Ftags&post=15129"}],"curies":[{"name":"wp","href":"https:\/\/api.w.org\/{rel}","templated":true}]}}