{"id":15104,"date":"2021-10-18T17:23:17","date_gmt":"2021-10-18T15:23:17","guid":{"rendered":"https:\/\/slivnica.splet.arnes.si\/?p=15104"},"modified":"2021-10-20T07:50:09","modified_gmt":"2021-10-20T05:50:09","slug":"razigran-uzivaj-dan","status":"publish","type":"post","link":"https:\/\/slivnica.si\/?p=15104","title":{"rendered":"Razigran u\u017eivaj dan!"},"content":{"rendered":"<p>Teden otroka v Gorici je bil dolg pravzaprav dva tedna.<\/p>\n<p>V prvem tednu smo imeli vsak dan kak\u0161no aktivnost, ki nam je popestrila dan. Imeli smo narobe oble\u010den dan, pa v \u0161olo smo pri\u0161li na trajnostnomobilen na\u010din, pokrili smo se s pokrivali, jedli pala\u010dinke za malico in se igrali s svojimi igra\u010dami.<\/p>\n<p>V drugem tednu pa smo imeli delavnice v organizaciji in izvedbi RK \u0160entjur. U\u010denci od 1. do 4. razreda smo plesali s Saro. Izpeljali smo \u0161e Drobtinico, kjer smo najprej zbirali igra\u010de, knjige, sestavljanke, &#8230;, potem pa smo jih kupovali po ceni 1\u20ac.<\/p>\n<p>Na fotografijah se vidi, kako super smo se imeli &#8230; ngg_shortcode_0_placeholder<\/p>\n","protected":false},"excerpt":{"rendered":"<p>Teden otroka v Gorici je bil dolg pravzaprav dva tedna. V prvem tednu smo imeli vsak dan kak\u0161no aktivnost, ki nam je popestrila dan. Imeli smo narobe oble\u010den dan, pa v \u0161olo smo pri\u0161li na trajnostnomobilen na\u010din, pokrili smo se s pokrivali, jedli pala\u010dinke za malico in se igrali s svojimi igra\u010dami. V drugem tednu [&hellip;]<\/p>\n","protected":false},"author":7519,"featured_media":0,"comment_status":"closed","ping_status":"closed","sticky":false,"template":"","format":"standard","meta":{"_et_pb_use_builder":"","_et_pb_old_content":"","_et_gb_content_width":"","ngg_post_thumbnail":0,"footnotes":"","_expiration-date-status":"","_expiration-date":0,"_expiration-date-type":"","_expiration-date-categories":[],"_expiration-date-options":[]},"categories":[9],"tags":[],"class_list":["post-15104","post","type-post","status-publish","format-standard","hentry","category-aktualno","et-doesnt-have-format-content","et_post_format-et-post-format-standard"],"_links":{"self":[{"href":"https:\/\/slivnica.si\/index.php?rest_route=\/wp\/v2\/posts\/15104","targetHints":{"allow":["GET"]}}],"collection":[{"href":"https:\/\/slivnica.si\/index.php?rest_route=\/wp\/v2\/posts"}],"about":[{"href":"https:\/\/slivnica.si\/index.php?rest_route=\/wp\/v2\/types\/post"}],"author":[{"embeddable":true,"href":"https:\/\/slivnica.si\/index.php?rest_route=\/wp\/v2\/users\/7519"}],"replies":[{"embeddable":true,"href":"https:\/\/slivnica.si\/index.php?rest_route=%2Fwp%2Fv2%2Fcomments&post=15104"}],"version-history":[{"count":8,"href":"https:\/\/slivnica.si\/index.php?rest_route=\/wp\/v2\/posts\/15104\/revisions"}],"predecessor-version":[{"id":15124,"href":"https:\/\/slivnica.si\/index.php?rest_route=\/wp\/v2\/posts\/15104\/revisions\/15124"}],"wp:attachment":[{"href":"https:\/\/slivnica.si\/index.php?rest_route=%2Fwp%2Fv2%2Fmedia&parent=15104"}],"wp:term":[{"taxonomy":"category","embeddable":true,"href":"https:\/\/slivnica.si\/index.php?rest_route=%2Fwp%2Fv2%2Fcategories&post=15104"},{"taxonomy":"post_tag","embeddable":true,"href":"https:\/\/slivnica.si\/index.php?rest_route=%2Fwp%2Fv2%2Ftags&post=15104"}],"curies":[{"name":"wp","href":"https:\/\/api.w.org\/{rel}","templated":true}]}}