{"id":15097,"date":"2021-10-15T19:20:49","date_gmt":"2021-10-15T17:20:49","guid":{"rendered":"https:\/\/slivnica.splet.arnes.si\/?p=15097"},"modified":"2021-10-15T19:28:08","modified_gmt":"2021-10-15T17:28:08","slug":"jesenska-tombola-in-tetka-jesen-na-prevorju","status":"publish","type":"post","link":"https:\/\/slivnica.si\/?p=15097","title":{"rendered":"Jesenska tombola in tetka Jesen na Prevorju"},"content":{"rendered":"<p style=\"text-align: center\"><em><img decoding=\"async\" class=\"n3VNCb\" src=\"https:\/\/illustoon.com\/photo\/thum\/3949.png\" alt=\"Cute Autumn Fruit Clip Art Free PNG Image\uff5cIllustoon\" data-noaft=\"1\" \/>\u00a0 <\/em><\/p>\n<h6 style=\"text-align: center\"><span style=\"color: #ff6600\"><em>Spet pri\u0161la je k nam jesen,<\/em><\/span><\/h6>\n<p style=\"text-align: center\"><span style=\"color: #993366\"><em>vsa v \u0161krlat odeta,<\/em><\/span><\/p>\n<p style=\"text-align: center\"><span style=\"color: #993300\"><em>listje pada \u017ee z dreves,<\/em><\/span><\/p>\n<p style=\"text-align: center\"><span style=\"color: #993300\"><em>\u00a0\u00a0\u00a0\u00a0\u00a0\u00a0\u00a0\u00a0\u00a0\u00a0\u00a0\u00a0\u00a0\u00a0\u00a0\u00a0\u00a0 <span style=\"color: #ff6600\">zima se obeta. <\/span><\/em><\/span><span style=\"color: #993300\"><em><span style=\"color: #000000\">(Mad\u017earski napev)<\/span><\/em><\/span><\/p>\n<p>Odeta v pisana obla\u010dila, s polno ko\u0161aro poljskih pridelkov, gozdnih plodov in sadja, nas je na Prevorju znova razveselila tetka Jesen. V dru\u017ebi stra\u0161ila Motovila je skupaj z u\u010denci ponovila zna\u010dilnosti jeseni in poskrbela za jesenski posladek s suhimi jabolki. U\u010denci so s tetko Jesenjo z navdu\u0161enjem zapeli in bili njenega obiska izjemno veseli.<\/p>\n<p>Z jesensko tobolo: Jaz tebi, ti meni, kjer so si u\u010denci izmenjali doma\u010de pridelke, pa smo obele\u017eili \u0161e svetovni dan hrane.<\/p>\n<p style=\"text-align: center\">ngg_shortcode_0_placeholder<\/p>\n<p>&nbsp;<\/p>\n","protected":false},"excerpt":{"rendered":"<p>\u00a0 Spet pri\u0161la je k nam jesen, vsa v \u0161krlat odeta, listje pada \u017ee z dreves, \u00a0\u00a0\u00a0\u00a0\u00a0\u00a0\u00a0\u00a0\u00a0\u00a0\u00a0\u00a0\u00a0\u00a0\u00a0\u00a0\u00a0 zima se obeta. (Mad\u017earski napev) Odeta v pisana obla\u010dila, s polno ko\u0161aro poljskih pridelkov, gozdnih plodov in sadja, nas je na Prevorju znova razveselila tetka Jesen. V dru\u017ebi stra\u0161ila Motovila je skupaj z u\u010denci ponovila zna\u010dilnosti jeseni in [&hellip;]<\/p>\n","protected":false},"author":6009,"featured_media":0,"comment_status":"closed","ping_status":"closed","sticky":false,"template":"","format":"standard","meta":{"_et_pb_use_builder":"","_et_pb_old_content":"","_et_gb_content_width":"","ngg_post_thumbnail":0,"footnotes":"","_expiration-date-status":"","_expiration-date":0,"_expiration-date-type":"","_expiration-date-categories":[],"_expiration-date-options":[]},"categories":[9,11],"tags":[],"class_list":["post-15097","post","type-post","status-publish","format-standard","hentry","category-aktualno","category-ps-prevorje","et-doesnt-have-format-content","et_post_format-et-post-format-standard"],"_links":{"self":[{"href":"https:\/\/slivnica.si\/index.php?rest_route=\/wp\/v2\/posts\/15097","targetHints":{"allow":["GET"]}}],"collection":[{"href":"https:\/\/slivnica.si\/index.php?rest_route=\/wp\/v2\/posts"}],"about":[{"href":"https:\/\/slivnica.si\/index.php?rest_route=\/wp\/v2\/types\/post"}],"author":[{"embeddable":true,"href":"https:\/\/slivnica.si\/index.php?rest_route=\/wp\/v2\/users\/6009"}],"replies":[{"embeddable":true,"href":"https:\/\/slivnica.si\/index.php?rest_route=%2Fwp%2Fv2%2Fcomments&post=15097"}],"version-history":[{"count":3,"href":"https:\/\/slivnica.si\/index.php?rest_route=\/wp\/v2\/posts\/15097\/revisions"}],"predecessor-version":[{"id":15100,"href":"https:\/\/slivnica.si\/index.php?rest_route=\/wp\/v2\/posts\/15097\/revisions\/15100"}],"wp:attachment":[{"href":"https:\/\/slivnica.si\/index.php?rest_route=%2Fwp%2Fv2%2Fmedia&parent=15097"}],"wp:term":[{"taxonomy":"category","embeddable":true,"href":"https:\/\/slivnica.si\/index.php?rest_route=%2Fwp%2Fv2%2Fcategories&post=15097"},{"taxonomy":"post_tag","embeddable":true,"href":"https:\/\/slivnica.si\/index.php?rest_route=%2Fwp%2Fv2%2Ftags&post=15097"}],"curies":[{"name":"wp","href":"https:\/\/api.w.org\/{rel}","templated":true}]}}