{"id":15065,"date":"2021-10-09T17:13:57","date_gmt":"2021-10-09T15:13:57","guid":{"rendered":"https:\/\/slivnica.splet.arnes.si\/?p=15065"},"modified":"2021-10-09T17:44:11","modified_gmt":"2021-10-09T15:44:11","slug":"teden-otroka-na-prevorju-4","status":"publish","type":"post","link":"https:\/\/slivnica.si\/?p=15065","title":{"rendered":"Teden otroka na Prevorju"},"content":{"rendered":"<p><img loading=\"lazy\" decoding=\"async\" class=\"n3VNCb aligncenter\" src=\"https:\/\/zpm-mb.si\/wp-content\/uploads\/2021\/09\/zpm_TedenOtroka-FB-2109-%E2%80%93-kopija-Small.jpg\" alt=\"Teden otroka 2021 \u2013 Razigran u\u017eivaj dan! \u2013 ZPM-MB.si\" width=\"263\" height=\"175\" data-noaft=\"1\" \/><\/p>\n<h6 style=\"text-align: center\"><span style=\"color: #000000\">Radi se igramo, ska\u010demo, divjamo,<\/span><\/h6>\n<h6 style=\"text-align: center\"><span style=\"color: #000000\">vselej pa vesele pesmi pojemo.<\/span><\/h6>\n<h6 style=\"text-align: center\"><span style=\"color: #000000\">Ple\u0161emo\u2026.pojemo\u2026pesmice\u2026za vse nas\u2026<\/span><\/h6>\n<h6 style=\"text-align: center\"><span style=\"color: #000000\">en, dva, tri\u2026<strong>TO SMO MI<\/strong>\u2026<\/span><\/h6>\n<h2 style=\"text-align: center\"><span style=\"color: #ff0000\">naj \u017eivi otro\u0161ki glas!<\/span><strong><span style=\"color: #000000\"><br \/>\n<\/span><\/strong><\/h2>\n<p>&nbsp;<\/p>\n<p>&#8220;<em><strong>Razigran u\u017eivaj dan&#8221;<\/strong><\/em> se je glasil slogan leto\u0161njega Tedna otroka. Na Prevorju smo sloganu pridno sledili in v za\u010detku tedna pripravili dobrodelno akcijo Drobtinica, aktivno sodelovali v igrah na prostem, prepevali, igrali na glasbila, predvsem pa u\u017eivali v otro\u0161ki igrivosti ter spro\u0161\u010denosti.<\/p>\n<p style=\"text-align: center\">ngg_shortcode_0_placeholder<\/p>\n<p style=\"text-align: center\">\n","protected":false},"excerpt":{"rendered":"<p>Radi se igramo, ska\u010demo, divjamo, vselej pa vesele pesmi pojemo. Ple\u0161emo\u2026.pojemo\u2026pesmice\u2026za vse nas\u2026 en, dva, tri\u2026TO SMO MI\u2026 naj \u017eivi otro\u0161ki glas! &nbsp; &#8220;Razigran u\u017eivaj dan&#8221; se je glasil slogan leto\u0161njega Tedna otroka. Na Prevorju smo sloganu pridno sledili in v za\u010detku tedna pripravili dobrodelno akcijo Drobtinica, aktivno sodelovali v igrah na prostem, prepevali, igrali [&hellip;]<\/p>\n","protected":false},"author":6009,"featured_media":0,"comment_status":"closed","ping_status":"closed","sticky":false,"template":"","format":"standard","meta":{"_et_pb_use_builder":"","_et_pb_old_content":"","_et_gb_content_width":"","ngg_post_thumbnail":0,"footnotes":"","_expiration-date-status":"","_expiration-date":0,"_expiration-date-type":"","_expiration-date-categories":[],"_expiration-date-options":[]},"categories":[9,11],"tags":[],"class_list":["post-15065","post","type-post","status-publish","format-standard","hentry","category-aktualno","category-ps-prevorje","et-doesnt-have-format-content","et_post_format-et-post-format-standard"],"_links":{"self":[{"href":"https:\/\/slivnica.si\/index.php?rest_route=\/wp\/v2\/posts\/15065","targetHints":{"allow":["GET"]}}],"collection":[{"href":"https:\/\/slivnica.si\/index.php?rest_route=\/wp\/v2\/posts"}],"about":[{"href":"https:\/\/slivnica.si\/index.php?rest_route=\/wp\/v2\/types\/post"}],"author":[{"embeddable":true,"href":"https:\/\/slivnica.si\/index.php?rest_route=\/wp\/v2\/users\/6009"}],"replies":[{"embeddable":true,"href":"https:\/\/slivnica.si\/index.php?rest_route=%2Fwp%2Fv2%2Fcomments&post=15065"}],"version-history":[{"count":9,"href":"https:\/\/slivnica.si\/index.php?rest_route=\/wp\/v2\/posts\/15065\/revisions"}],"predecessor-version":[{"id":15074,"href":"https:\/\/slivnica.si\/index.php?rest_route=\/wp\/v2\/posts\/15065\/revisions\/15074"}],"wp:attachment":[{"href":"https:\/\/slivnica.si\/index.php?rest_route=%2Fwp%2Fv2%2Fmedia&parent=15065"}],"wp:term":[{"taxonomy":"category","embeddable":true,"href":"https:\/\/slivnica.si\/index.php?rest_route=%2Fwp%2Fv2%2Fcategories&post=15065"},{"taxonomy":"post_tag","embeddable":true,"href":"https:\/\/slivnica.si\/index.php?rest_route=%2Fwp%2Fv2%2Ftags&post=15065"}],"curies":[{"name":"wp","href":"https:\/\/api.w.org\/{rel}","templated":true}]}}