{"id":15039,"date":"2021-10-04T20:16:28","date_gmt":"2021-10-04T18:16:28","guid":{"rendered":"https:\/\/slivnica.splet.arnes.si\/?p=15039"},"modified":"2021-10-04T20:16:28","modified_gmt":"2021-10-04T18:16:28","slug":"druzinski-pohod-planinskega-podmladka-ps-prevorje","status":"publish","type":"post","link":"https:\/\/slivnica.si\/?p=15039","title":{"rendered":"Dru\u017einski pohod planinskega podmladka P\u0160 Prevorje"},"content":{"rendered":"<h4 style=\"text-align: center\"><span style=\"color: #000000\"><em><strong>Pot pod noge za zdravo<\/strong> <img loading=\"lazy\" decoding=\"async\" class=\"n3VNCb\" src=\"https:\/\/static-1.mojvideo.com\/foto107194-6733-190550\/srce.jpg\" alt=\"srce\" width=\"60\" height=\"60\" data-noaft=\"1\" \/><\/em><\/span><\/h4>\n<p><img loading=\"lazy\" decoding=\"async\" class=\"aligncenter\" src=\"https:\/\/jf-staeulalia.pt\/img\/other\/71\/collection-hiking-cliparts-5.gif\" alt=\"Pohodni\u0161ki Clipart\" width=\"168\" height=\"160\" \/><\/p>\n<p><strong>Ob svetovnem dnevu srca, (29. septembra),<\/strong> smo v <strong>okviru planinskega kro\u017eka in v sodelovanju s Planinskim<\/strong> <strong>dru\u0161tvom Prevorje<\/strong>, organizirali in izvedli tokrat \u017ee <strong>15. tradicionalni dru\u017einski pohod<\/strong>. Dobili smo se v nedeljo, 3. 10.\u00a0 ob 13.30 pred \u0161olo in se napotili skozi Stra\u0161ko Gorco, \u010dez Bistrico in Topolovo v Zagorje, si ogledali Lur\u0161ko jamo in se igrali na tamkaj\u0161njem igri\u0161\u010du. Na poti smo se odpo\u010dili, naigrali in okrep\u010dali z doma\u010dimi dobrotami pri babici in dedku u\u010dencev Alja\u017ea in \u017dana na Topolovem. <strong>Pohoda se je udele\u017eilo okrog 50 pohodnikov<\/strong> \u2013 v ve\u010dini cele dru\u017eine na\u0161ih u\u010dencev in <strong>pre\u017eiveli smo prekrasen nepozaben jesenski dan.<\/strong><\/p>\n<p style=\"text-align: center\">ngg_shortcode_0_placeholder<\/p>\n","protected":false},"excerpt":{"rendered":"<p>Pot pod noge za zdravo Ob svetovnem dnevu srca, (29. septembra), smo v okviru planinskega kro\u017eka in v sodelovanju s Planinskim dru\u0161tvom Prevorje, organizirali in izvedli tokrat \u017ee 15. tradicionalni dru\u017einski pohod. Dobili smo se v nedeljo, 3. 10.\u00a0 ob 13.30 pred \u0161olo in se napotili skozi Stra\u0161ko Gorco, \u010dez Bistrico in Topolovo v Zagorje, [&hellip;]<\/p>\n","protected":false},"author":6009,"featured_media":0,"comment_status":"closed","ping_status":"closed","sticky":false,"template":"","format":"standard","meta":{"_et_pb_use_builder":"","_et_pb_old_content":"","_et_gb_content_width":"","ngg_post_thumbnail":0,"footnotes":"","_expiration-date-status":"","_expiration-date":0,"_expiration-date-type":"","_expiration-date-categories":[],"_expiration-date-options":[]},"categories":[9,11],"tags":[],"class_list":["post-15039","post","type-post","status-publish","format-standard","hentry","category-aktualno","category-ps-prevorje","et-doesnt-have-format-content","et_post_format-et-post-format-standard"],"_links":{"self":[{"href":"https:\/\/slivnica.si\/index.php?rest_route=\/wp\/v2\/posts\/15039","targetHints":{"allow":["GET"]}}],"collection":[{"href":"https:\/\/slivnica.si\/index.php?rest_route=\/wp\/v2\/posts"}],"about":[{"href":"https:\/\/slivnica.si\/index.php?rest_route=\/wp\/v2\/types\/post"}],"author":[{"embeddable":true,"href":"https:\/\/slivnica.si\/index.php?rest_route=\/wp\/v2\/users\/6009"}],"replies":[{"embeddable":true,"href":"https:\/\/slivnica.si\/index.php?rest_route=%2Fwp%2Fv2%2Fcomments&post=15039"}],"version-history":[{"count":1,"href":"https:\/\/slivnica.si\/index.php?rest_route=\/wp\/v2\/posts\/15039\/revisions"}],"predecessor-version":[{"id":15040,"href":"https:\/\/slivnica.si\/index.php?rest_route=\/wp\/v2\/posts\/15039\/revisions\/15040"}],"wp:attachment":[{"href":"https:\/\/slivnica.si\/index.php?rest_route=%2Fwp%2Fv2%2Fmedia&parent=15039"}],"wp:term":[{"taxonomy":"category","embeddable":true,"href":"https:\/\/slivnica.si\/index.php?rest_route=%2Fwp%2Fv2%2Fcategories&post=15039"},{"taxonomy":"post_tag","embeddable":true,"href":"https:\/\/slivnica.si\/index.php?rest_route=%2Fwp%2Fv2%2Ftags&post=15039"}],"curies":[{"name":"wp","href":"https:\/\/api.w.org\/{rel}","templated":true}]}}