{"id":15032,"date":"2021-10-02T22:02:59","date_gmt":"2021-10-02T20:02:59","guid":{"rendered":"https:\/\/slivnica.splet.arnes.si\/?p=15032"},"modified":"2021-10-02T22:02:59","modified_gmt":"2021-10-02T20:02:59","slug":"sestosolci-na-dolenjskem-2","status":"publish","type":"post","link":"https:\/\/slivnica.si\/?p=15032","title":{"rendered":"\u0160esto\u0161olci na Dolenjskem"},"content":{"rendered":"<p>V \u010detrtek, 30. 9. 2021, smo u\u010denci 6. a in 6. b razreda od\u0161li na ekskurzijo na Dolenjsko. Ob pol osmi uri smo od\u0161li k avtobusu. V prtlja\u017enik smo nalo\u017eili \u0161olsko malico in svoje nahrbtnike. Vstopili smo in pozorno poslu\u0161ali uvodna navodila u\u010diteljic. Med potjo smo opazovali pokrajino. Do Ra\u0161ice, kjer je doma\u010dija Primo\u017ea Trubarja, smo se vozili pribli\u017eno dve uri. Najprej smo se okrep\u010dali z malico. V Trubarjevi spominski sobi nam je nek gospod pripovedoval o Trubarjevem \u017eivljenju in kako je ustvaril prvi dve slovenski knjigi, Abecednik in Katekizem, napisal pa je \u0161e veliko drugih knjig. Potem smo od\u0161li v veliko u\u010dilnico, kjer smo dobili material za izdelavo mini knjige. S pomo\u010djo prijazne gospe smo vsi izdelali vsak svojo majhno knjigo, ki smo jo nato odnesli s sabo domov.<br \/>\nPotem smo od\u0161li na kosilo v gosti\u0161\u010de v Ivan\u010dni Gorici. Po okusnem kosilu smo nadaljevali kratko vo\u017enjo do samostana Sti\u010dna. Sprejela nas je prijazna vodi\u010dka, ki nam je pokazala postopek nastanka inicialke, nato pa smo \u0161e sami izdelali okra\u0161eno za\u010detnico \u2013 inicialko. Vodi\u010d nas je popeljal po samostanu in nam ga razkazal, ogledali pa smo si tudi samostansko cerkev. Ena skupina u\u010dencev je tam celo sre\u010dala meniha.<br \/>\nNa poti domov smo bili zelo dobre volje, zabavali smo se in se pogovarjali o vsem, kar smo do\u017eiveli. Spoznali smo veliko pou\u010dnega, posebej pa so nam bile v\u0161e\u010d delavnice. Vo\u017enja je kmalu minila in \u017ee smo bili v Gorici pri Slivnici, kjer so nas pri\u010dakali star\u0161i.<\/p>\nngg_shortcode_0_placeholder\n","protected":false},"excerpt":{"rendered":"<p>V \u010detrtek, 30. 9. 2021, smo u\u010denci 6. a in 6. b razreda od\u0161li na ekskurzijo na Dolenjsko. Ob pol osmi uri smo od\u0161li k avtobusu. V prtlja\u017enik smo nalo\u017eili \u0161olsko malico in svoje nahrbtnike. Vstopili smo in pozorno poslu\u0161ali uvodna navodila u\u010diteljic. Med potjo smo opazovali pokrajino. Do Ra\u0161ice, kjer je doma\u010dija Primo\u017ea Trubarja, [&hellip;]<\/p>\n","protected":false},"author":4243,"featured_media":0,"comment_status":"closed","ping_status":"closed","sticky":false,"template":"","format":"standard","meta":{"_et_pb_use_builder":"","_et_pb_old_content":"","_et_gb_content_width":"","ngg_post_thumbnail":0,"footnotes":"","_expiration-date-status":"","_expiration-date":0,"_expiration-date-type":"","_expiration-date-categories":[],"_expiration-date-options":[]},"categories":[9],"tags":[],"class_list":["post-15032","post","type-post","status-publish","format-standard","hentry","category-aktualno","et-doesnt-have-format-content","et_post_format-et-post-format-standard"],"_links":{"self":[{"href":"https:\/\/slivnica.si\/index.php?rest_route=\/wp\/v2\/posts\/15032","targetHints":{"allow":["GET"]}}],"collection":[{"href":"https:\/\/slivnica.si\/index.php?rest_route=\/wp\/v2\/posts"}],"about":[{"href":"https:\/\/slivnica.si\/index.php?rest_route=\/wp\/v2\/types\/post"}],"author":[{"embeddable":true,"href":"https:\/\/slivnica.si\/index.php?rest_route=\/wp\/v2\/users\/4243"}],"replies":[{"embeddable":true,"href":"https:\/\/slivnica.si\/index.php?rest_route=%2Fwp%2Fv2%2Fcomments&post=15032"}],"version-history":[{"count":3,"href":"https:\/\/slivnica.si\/index.php?rest_route=\/wp\/v2\/posts\/15032\/revisions"}],"predecessor-version":[{"id":15035,"href":"https:\/\/slivnica.si\/index.php?rest_route=\/wp\/v2\/posts\/15032\/revisions\/15035"}],"wp:attachment":[{"href":"https:\/\/slivnica.si\/index.php?rest_route=%2Fwp%2Fv2%2Fmedia&parent=15032"}],"wp:term":[{"taxonomy":"category","embeddable":true,"href":"https:\/\/slivnica.si\/index.php?rest_route=%2Fwp%2Fv2%2Fcategories&post=15032"},{"taxonomy":"post_tag","embeddable":true,"href":"https:\/\/slivnica.si\/index.php?rest_route=%2Fwp%2Fv2%2Ftags&post=15032"}],"curies":[{"name":"wp","href":"https:\/\/api.w.org\/{rel}","templated":true}]}}