{"id":15015,"date":"2021-09-30T21:34:38","date_gmt":"2021-09-30T19:34:38","guid":{"rendered":"https:\/\/slivnica.splet.arnes.si\/?p=15015"},"modified":"2021-09-30T21:34:38","modified_gmt":"2021-09-30T19:34:38","slug":"sportni-dan-pohod-na-gradisce","status":"publish","type":"post","link":"https:\/\/slivnica.si\/?p=15015","title":{"rendered":"\u0160PORTNI DAN, POHOD NA GRADI\u0160\u010cE"},"content":{"rendered":"<p>V <strong>sredo, 29. 9. 2021<\/strong> smo imeli u\u010denci 1., 2. in 3. razreda v Gorici <strong>prvi \u0161portni dan.<\/strong> Podali smo se na potep po na\u0161i bli\u017enji okolici ter se povzpeli na Gradi\u0161\u010de. Na poti smo opazovali pisano jesensko naravo, \u017eivali, nabirali jesenske plodove in liste ter u\u017eivali v toploti son\u010dnih \u017earkov. Nasmejani in urnih nog smo bili en, dva, tri na vrhu, od koder smo imeli \u010dudovit pogled na Slivni\u0161ko jezero in okoli\u0161ke gri\u010dke. Tam smo si privo\u0161\u010dili tudi malico in zaslu\u017een po\u010ditek, nato pa smo se po\u010dasi spustili nazaj v dolino, kjer smo se \u0161e posladkali pri prijazni dru\u017eini Volav\u0161ek nato pa se polni lepih vtisov in rahlo utrujenih nog vrnili nazaj v \u0161olo. Imeli smo se \u010dudovito. Ne verjamete? Poglejte fotografije in se prepri\u010dajte sami.<\/p>\nngg_shortcode_0_placeholder\n","protected":false},"excerpt":{"rendered":"<p>V sredo, 29. 9. 2021 smo imeli u\u010denci 1., 2. in 3. razreda v Gorici prvi \u0161portni dan. Podali smo se na potep po na\u0161i bli\u017enji okolici ter se povzpeli na Gradi\u0161\u010de. Na poti smo opazovali pisano jesensko naravo, \u017eivali, nabirali jesenske plodove in liste ter u\u017eivali v toploti son\u010dnih \u017earkov. Nasmejani in urnih nog [&hellip;]<\/p>\n","protected":false},"author":6601,"featured_media":0,"comment_status":"closed","ping_status":"closed","sticky":false,"template":"","format":"standard","meta":{"_et_pb_use_builder":"","_et_pb_old_content":"","_et_gb_content_width":"","ngg_post_thumbnail":0,"footnotes":"","_expiration-date-status":"","_expiration-date":0,"_expiration-date-type":"","_expiration-date-categories":[],"_expiration-date-options":[]},"categories":[9],"tags":[],"class_list":["post-15015","post","type-post","status-publish","format-standard","hentry","category-aktualno","et-doesnt-have-format-content","et_post_format-et-post-format-standard"],"_links":{"self":[{"href":"https:\/\/slivnica.si\/index.php?rest_route=\/wp\/v2\/posts\/15015","targetHints":{"allow":["GET"]}}],"collection":[{"href":"https:\/\/slivnica.si\/index.php?rest_route=\/wp\/v2\/posts"}],"about":[{"href":"https:\/\/slivnica.si\/index.php?rest_route=\/wp\/v2\/types\/post"}],"author":[{"embeddable":true,"href":"https:\/\/slivnica.si\/index.php?rest_route=\/wp\/v2\/users\/6601"}],"replies":[{"embeddable":true,"href":"https:\/\/slivnica.si\/index.php?rest_route=%2Fwp%2Fv2%2Fcomments&post=15015"}],"version-history":[{"count":3,"href":"https:\/\/slivnica.si\/index.php?rest_route=\/wp\/v2\/posts\/15015\/revisions"}],"predecessor-version":[{"id":15021,"href":"https:\/\/slivnica.si\/index.php?rest_route=\/wp\/v2\/posts\/15015\/revisions\/15021"}],"wp:attachment":[{"href":"https:\/\/slivnica.si\/index.php?rest_route=%2Fwp%2Fv2%2Fmedia&parent=15015"}],"wp:term":[{"taxonomy":"category","embeddable":true,"href":"https:\/\/slivnica.si\/index.php?rest_route=%2Fwp%2Fv2%2Fcategories&post=15015"},{"taxonomy":"post_tag","embeddable":true,"href":"https:\/\/slivnica.si\/index.php?rest_route=%2Fwp%2Fv2%2Ftags&post=15015"}],"curies":[{"name":"wp","href":"https:\/\/api.w.org\/{rel}","templated":true}]}}