{"id":15002,"date":"2021-09-27T22:02:13","date_gmt":"2021-09-27T20:02:13","guid":{"rendered":"https:\/\/slivnica.splet.arnes.si\/?p=15002"},"modified":"2021-09-27T22:22:55","modified_gmt":"2021-09-27T20:22:55","slug":"tekaski-sportni-dan","status":"publish","type":"post","link":"https:\/\/slivnica.si\/?p=15002","title":{"rendered":"Teka\u0161ki \u0161portni dan"},"content":{"rendered":"<p>Tudi na mati\u010dni \u0161oli v Gorici pri Slivnici smo praznik, Dan slovesnega \u0161porta, obele\u017eili s teka\u0161kim \u0161portnim dnem. U\u010denci od 6.- 9. razreda so u\u017eivali v teku, kjer so vsi skupaj pretekli cca. 120 kilometrov. Pomerili so se tudi v odbojki, nogometu, igri med dvema ognjema, predvsem pa u\u017eivali v pre\u017eivljanju aktivnega \u010dasa v naravi.<\/p>\nngg_shortcode_0_placeholder\n","protected":false},"excerpt":{"rendered":"<p>Tudi na mati\u010dni \u0161oli v Gorici pri Slivnici smo praznik, Dan slovesnega \u0161porta, obele\u017eili s teka\u0161kim \u0161portnim dnem. U\u010denci od 6.- 9. razreda so u\u017eivali v teku, kjer so vsi skupaj pretekli cca. 120 kilometrov. Pomerili so se tudi v odbojki, nogometu, igri med dvema ognjema, predvsem pa u\u017eivali v pre\u017eivljanju aktivnega \u010dasa v naravi.<\/p>\n","protected":false},"author":5704,"featured_media":0,"comment_status":"closed","ping_status":"closed","sticky":false,"template":"","format":"standard","meta":{"_et_pb_use_builder":"","_et_pb_old_content":"","_et_gb_content_width":"","ngg_post_thumbnail":0,"footnotes":"","_expiration-date-status":"","_expiration-date":0,"_expiration-date-type":"","_expiration-date-categories":[],"_expiration-date-options":[]},"categories":[9],"tags":[],"class_list":["post-15002","post","type-post","status-publish","format-standard","hentry","category-aktualno","et-doesnt-have-format-content","et_post_format-et-post-format-standard"],"_links":{"self":[{"href":"https:\/\/slivnica.si\/index.php?rest_route=\/wp\/v2\/posts\/15002","targetHints":{"allow":["GET"]}}],"collection":[{"href":"https:\/\/slivnica.si\/index.php?rest_route=\/wp\/v2\/posts"}],"about":[{"href":"https:\/\/slivnica.si\/index.php?rest_route=\/wp\/v2\/types\/post"}],"author":[{"embeddable":true,"href":"https:\/\/slivnica.si\/index.php?rest_route=\/wp\/v2\/users\/5704"}],"replies":[{"embeddable":true,"href":"https:\/\/slivnica.si\/index.php?rest_route=%2Fwp%2Fv2%2Fcomments&post=15002"}],"version-history":[{"count":3,"href":"https:\/\/slivnica.si\/index.php?rest_route=\/wp\/v2\/posts\/15002\/revisions"}],"predecessor-version":[{"id":15005,"href":"https:\/\/slivnica.si\/index.php?rest_route=\/wp\/v2\/posts\/15002\/revisions\/15005"}],"wp:attachment":[{"href":"https:\/\/slivnica.si\/index.php?rest_route=%2Fwp%2Fv2%2Fmedia&parent=15002"}],"wp:term":[{"taxonomy":"category","embeddable":true,"href":"https:\/\/slivnica.si\/index.php?rest_route=%2Fwp%2Fv2%2Fcategories&post=15002"},{"taxonomy":"post_tag","embeddable":true,"href":"https:\/\/slivnica.si\/index.php?rest_route=%2Fwp%2Fv2%2Ftags&post=15002"}],"curies":[{"name":"wp","href":"https:\/\/api.w.org\/{rel}","templated":true}]}}