{"id":14992,"date":"2021-09-24T20:06:57","date_gmt":"2021-09-24T18:06:57","guid":{"rendered":"https:\/\/slivnica.splet.arnes.si\/?p=14992"},"modified":"2021-10-08T12:12:57","modified_gmt":"2021-10-08T10:12:57","slug":"teden-mobilnosti-v-loki","status":"publish","type":"post","link":"https:\/\/slivnica.si\/?p=14992","title":{"rendered":"Teden mobilnosti v Loki"},"content":{"rendered":"<p>\u017de nekaj let zaporedoma v <strong>Tednu mobilnosti<\/strong> u\u010diteljice vzpodbujamo na\u0161e \u0161olarje, da se na dolo\u010den dan odpravijo domov ali pa v \u0161olo na trajnostni na\u010din in tako prispevajo k zmanj\u0161anju onesna\u017eenosti narave ter var\u010devanju energije.<\/p>\n<p>V sredo, 22. 9. 2021, smo se z nekaterimi u\u010denci in u\u010diteljicama odpravili pe\u0161 iz \u0161ole domov proti Dobrini. Nekajkrat smo se na poti ustavili, da smo popili malo vode, a \u017ee takoj nato nadaljevali s hitrim tempom. Na vsaki avtobusni postaji nas je zapustil kak\u0161en u\u010denec, ki smo mu veselo pomahali v slovo. Po dobri uri hoje smo \u017ee prispeli v Dobrino, kjer smo se poslovili in se dogovorili, da hojo \u0161e kdaj v toku leta ponovimo, saj smo razdaljo zaradi prijetnega vzdu\u0161ja res hitro prehodili.<\/p>\n<p>Gremo pe\u0161 tudi v \u0161olo? Seveda, v petek, 24. 9. 2021, smo se starej\u0161i u\u010denci z u\u010diteljico napotili mimo Kovala do Podgaja, kjer sta nas pri\u010dakala Luka in prvo\u0161olec Rok. Vsi skupaj smo se po glavni cesti odpravili pe\u0161 v \u0161olo. Seveda tudi tokrat brez veselega klepeta ni \u0161lo, dobili pa smo tudi dovolj dodatne energije za \u0161olsko delo. To je bila res uspe\u0161na jutranja telovadba!<\/p>\n<p>Bravo, na\u0161i \u0161olarji, le tako urno v \u0161olo\u00a0 ali domov \u0161e naprej!!<\/p>\nngg_shortcode_0_placeholder\n<p>&nbsp;<\/p>\n","protected":false},"excerpt":{"rendered":"<p>\u017de nekaj let zaporedoma v Tednu mobilnosti u\u010diteljice vzpodbujamo na\u0161e \u0161olarje, da se na dolo\u010den dan odpravijo domov ali pa v \u0161olo na trajnostni na\u010din in tako prispevajo k zmanj\u0161anju onesna\u017eenosti narave ter var\u010devanju energije. V sredo, 22. 9. 2021, smo se z nekaterimi u\u010denci in u\u010diteljicama odpravili pe\u0161 iz \u0161ole domov proti Dobrini. Nekajkrat [&hellip;]<\/p>\n","protected":false},"author":5997,"featured_media":0,"comment_status":"closed","ping_status":"closed","sticky":false,"template":"","format":"standard","meta":{"_et_pb_use_builder":"","_et_pb_old_content":"","_et_gb_content_width":"","ngg_post_thumbnail":0,"footnotes":"","_expiration-date-status":"","_expiration-date":0,"_expiration-date-type":"","_expiration-date-categories":[],"_expiration-date-options":[]},"categories":[9,10],"tags":[],"class_list":["post-14992","post","type-post","status-publish","format-standard","hentry","category-aktualno","category-ps-loka","et-doesnt-have-format-content","et_post_format-et-post-format-standard"],"_links":{"self":[{"href":"https:\/\/slivnica.si\/index.php?rest_route=\/wp\/v2\/posts\/14992","targetHints":{"allow":["GET"]}}],"collection":[{"href":"https:\/\/slivnica.si\/index.php?rest_route=\/wp\/v2\/posts"}],"about":[{"href":"https:\/\/slivnica.si\/index.php?rest_route=\/wp\/v2\/types\/post"}],"author":[{"embeddable":true,"href":"https:\/\/slivnica.si\/index.php?rest_route=\/wp\/v2\/users\/5997"}],"replies":[{"embeddable":true,"href":"https:\/\/slivnica.si\/index.php?rest_route=%2Fwp%2Fv2%2Fcomments&post=14992"}],"version-history":[{"count":6,"href":"https:\/\/slivnica.si\/index.php?rest_route=\/wp\/v2\/posts\/14992\/revisions"}],"predecessor-version":[{"id":15056,"href":"https:\/\/slivnica.si\/index.php?rest_route=\/wp\/v2\/posts\/14992\/revisions\/15056"}],"wp:attachment":[{"href":"https:\/\/slivnica.si\/index.php?rest_route=%2Fwp%2Fv2%2Fmedia&parent=14992"}],"wp:term":[{"taxonomy":"category","embeddable":true,"href":"https:\/\/slivnica.si\/index.php?rest_route=%2Fwp%2Fv2%2Fcategories&post=14992"},{"taxonomy":"post_tag","embeddable":true,"href":"https:\/\/slivnica.si\/index.php?rest_route=%2Fwp%2Fv2%2Ftags&post=14992"}],"curies":[{"name":"wp","href":"https:\/\/api.w.org\/{rel}","templated":true}]}}