{"id":14976,"date":"2021-09-23T18:25:20","date_gmt":"2021-09-23T16:25:20","guid":{"rendered":"https:\/\/slivnica.splet.arnes.si\/?p=14976"},"modified":"2021-09-23T19:04:40","modified_gmt":"2021-09-23T17:04:40","slug":"dan-sporta-v-loki","status":"publish","type":"post","link":"https:\/\/slivnica.si\/?p=14976","title":{"rendered":"Dan \u0161porta v Loki"},"content":{"rendered":"<p>Danes, 23. 9. 2021, je dan <em><strong>DAN \u0160PORTA<\/strong><\/em>. <a href=\"https:\/\/slivnica.si\/files\/2021\/05\/atletika.jpg\"><img loading=\"lazy\" decoding=\"async\" class=\"size-full wp-image-14490 alignright\" src=\"https:\/\/slivnica.si\/files\/2021\/05\/atletika.jpg\" alt=\"\" width=\"195\" height=\"139\" \/><\/a><\/p>\n<p>Ker smo lo\u0161ki u\u010denci pravi \u0161portniki, smo se prijavila na mno\u017ei\u010dni tek &#8220;<strong>Za\u010dni mlad, tekmuj po\u0161teno<\/strong>&#8220;. \u0160portno oble\u010deni smo se odpravili proti TUNFU, kjer imamo svojo tekalno stezo. Z lahkoto smo pretekli predpisano razdaljo, ki je bila le 200 metrov.<\/p>\nngg_shortcode_0_placeholder\n<p>&nbsp;<\/p>\n","protected":false},"excerpt":{"rendered":"<p>Danes, 23. 9. 2021, je dan DAN \u0160PORTA. Ker smo lo\u0161ki u\u010denci pravi \u0161portniki, smo se prijavila na mno\u017ei\u010dni tek &#8220;Za\u010dni mlad, tekmuj po\u0161teno&#8220;. \u0160portno oble\u010deni smo se odpravili proti TUNFU, kjer imamo svojo tekalno stezo. Z lahkoto smo pretekli predpisano razdaljo, ki je bila le 200 metrov. &nbsp;<\/p>\n","protected":false},"author":5997,"featured_media":0,"comment_status":"closed","ping_status":"closed","sticky":false,"template":"","format":"standard","meta":{"_et_pb_use_builder":"","_et_pb_old_content":"","_et_gb_content_width":"","ngg_post_thumbnail":0,"footnotes":"","_expiration-date-status":"","_expiration-date":0,"_expiration-date-type":"","_expiration-date-categories":[],"_expiration-date-options":[]},"categories":[9,10],"tags":[],"class_list":["post-14976","post","type-post","status-publish","format-standard","hentry","category-aktualno","category-ps-loka","et-doesnt-have-format-content","et_post_format-et-post-format-standard"],"_links":{"self":[{"href":"https:\/\/slivnica.si\/index.php?rest_route=\/wp\/v2\/posts\/14976","targetHints":{"allow":["GET"]}}],"collection":[{"href":"https:\/\/slivnica.si\/index.php?rest_route=\/wp\/v2\/posts"}],"about":[{"href":"https:\/\/slivnica.si\/index.php?rest_route=\/wp\/v2\/types\/post"}],"author":[{"embeddable":true,"href":"https:\/\/slivnica.si\/index.php?rest_route=\/wp\/v2\/users\/5997"}],"replies":[{"embeddable":true,"href":"https:\/\/slivnica.si\/index.php?rest_route=%2Fwp%2Fv2%2Fcomments&post=14976"}],"version-history":[{"count":2,"href":"https:\/\/slivnica.si\/index.php?rest_route=\/wp\/v2\/posts\/14976\/revisions"}],"predecessor-version":[{"id":14989,"href":"https:\/\/slivnica.si\/index.php?rest_route=\/wp\/v2\/posts\/14976\/revisions\/14989"}],"wp:attachment":[{"href":"https:\/\/slivnica.si\/index.php?rest_route=%2Fwp%2Fv2%2Fmedia&parent=14976"}],"wp:term":[{"taxonomy":"category","embeddable":true,"href":"https:\/\/slivnica.si\/index.php?rest_route=%2Fwp%2Fv2%2Fcategories&post=14976"},{"taxonomy":"post_tag","embeddable":true,"href":"https:\/\/slivnica.si\/index.php?rest_route=%2Fwp%2Fv2%2Ftags&post=14976"}],"curies":[{"name":"wp","href":"https:\/\/api.w.org\/{rel}","templated":true}]}}