{"id":14974,"date":"2021-09-23T18:27:30","date_gmt":"2021-09-23T16:27:30","guid":{"rendered":"https:\/\/slivnica.splet.arnes.si\/?p=14974"},"modified":"2021-09-23T18:27:30","modified_gmt":"2021-09-23T16:27:30","slug":"ucenci-ps-loka-pri-zusmu-na-prvem-naravoslovnem-dnevu","status":"publish","type":"post","link":"https:\/\/slivnica.si\/?p=14974","title":{"rendered":"U\u010denci P\u0160 Loka pri \u017dusmu na prvem naravoslovnem dnevu"},"content":{"rendered":"<p><a href=\"https:\/\/slivnica.si\/files\/2021\/09\/IMG_20210922_105400-scaled.jpg\"><img loading=\"lazy\" decoding=\"async\" class=\"wp-image-14980 alignleft\" src=\"https:\/\/slivnica.si\/files\/2021\/09\/IMG_20210922_105400-225x300.jpg\" alt=\"\" width=\"222\" height=\"296\" \/><\/a><\/p>\n<p>&nbsp;<\/p>\n<p>Ker je leto\u0161nje leto 2021 Leto Josipa Ipavca, so si u\u010denci P\u0160 Loka pri \u017dusmu v sredo, 22. 9. 2021, v \u0160entjurju ogledali Ipav\u010devo hi\u0161o in tako \u0161e pobli\u017eje spoznali dru\u017eino Ipavec, ki je za na\u0161o ob\u010dino z glasbenega vidika \u0161e posebej pomembna. Hkrati smo ta dan izkoristili \u0161e za obisk muzejske zbirke Rifnik in njegovi zakladi, ki prikazuje zgodovino Rifnika. Na poti domov smo naredili \u0161e kratek postanek na turisti\u010dni kmetiji \u017durej, kjer smo si ogledali slikarsko razstavo Tretjega slikarskega sre\u010danja \u017dusem 2021, na kateri smo ob\u010dudovali tudi likovna dela na\u0161e biv\u0161e u\u010denke Barbare Lipnik.<\/p>\n<p>Kak\u0161ni so bili po kon\u010danem dnevu vtisi nekaterih na\u0161ih u\u010dencev pa si lahko preberete v nadaljevanju:<\/p>\n<p><strong>Alina:<\/strong> <em>Bilo je zanimivo, ker smo videli veliko starinskih predmetov. V Ipav\u010devi hi\u0161i mi je bila najbolj v\u0161e\u010d poro\u010dna dvorana in glasbena stena.\u00a0<\/em><\/p>\n<p><strong>Lana:<\/strong> <em>Najbolj mi je bilo v\u0161e\u010d v Ipav\u010devi hi\u0161i &#8211; \u0161e posebej, ko smo igrali igrice. Na razstavi mi je bila najlep\u0161a slika, slika z muco.\u00a0<\/em><\/p>\n<p><strong>Matic:<\/strong><em> Bilo mi je zelo &#8220;fajn&#8221;. Najbolj\u0161e je bilo, ko smo na koncu lahko igrali igrice. Najlep\u0161a slika z razstave, je bila slika z ognjenim kamnom.<\/em><\/p>\n<p><strong>Luka:<\/strong><em> &#8220;Fajn&#8221; je bilo, ker smo si ogledali veliko starih stvari.<\/em><\/p>\n<p><strong>Diego:<\/strong> <em>Najbolj sem si zapomnil pe\u010d v Ipav\u010devi hi\u0161i, in ko smo se na koncu fotografirali pod veliko, staro lipo.<\/em><\/p>\nngg_shortcode_0_placeholder\n<p>&nbsp;<\/p>\n","protected":false},"excerpt":{"rendered":"<p>&nbsp; Ker je leto\u0161nje leto 2021 Leto Josipa Ipavca, so si u\u010denci P\u0160 Loka pri \u017dusmu v sredo, 22. 9. 2021, v \u0160entjurju ogledali Ipav\u010devo hi\u0161o in tako \u0161e pobli\u017eje spoznali dru\u017eino Ipavec, ki je za na\u0161o ob\u010dino z glasbenega vidika \u0161e posebej pomembna. Hkrati smo ta dan izkoristili \u0161e za obisk muzejske zbirke Rifnik [&hellip;]<\/p>\n","protected":false},"author":6078,"featured_media":0,"comment_status":"closed","ping_status":"closed","sticky":false,"template":"","format":"standard","meta":{"_et_pb_use_builder":"","_et_pb_old_content":"","_et_gb_content_width":"","ngg_post_thumbnail":0,"footnotes":"","_expiration-date-status":"","_expiration-date":0,"_expiration-date-type":"","_expiration-date-categories":[],"_expiration-date-options":[]},"categories":[9,10],"tags":[],"class_list":["post-14974","post","type-post","status-publish","format-standard","hentry","category-aktualno","category-ps-loka","et-doesnt-have-format-content","et_post_format-et-post-format-standard"],"_links":{"self":[{"href":"https:\/\/slivnica.si\/index.php?rest_route=\/wp\/v2\/posts\/14974","targetHints":{"allow":["GET"]}}],"collection":[{"href":"https:\/\/slivnica.si\/index.php?rest_route=\/wp\/v2\/posts"}],"about":[{"href":"https:\/\/slivnica.si\/index.php?rest_route=\/wp\/v2\/types\/post"}],"author":[{"embeddable":true,"href":"https:\/\/slivnica.si\/index.php?rest_route=\/wp\/v2\/users\/6078"}],"replies":[{"embeddable":true,"href":"https:\/\/slivnica.si\/index.php?rest_route=%2Fwp%2Fv2%2Fcomments&post=14974"}],"version-history":[{"count":11,"href":"https:\/\/slivnica.si\/index.php?rest_route=\/wp\/v2\/posts\/14974\/revisions"}],"predecessor-version":[{"id":14988,"href":"https:\/\/slivnica.si\/index.php?rest_route=\/wp\/v2\/posts\/14974\/revisions\/14988"}],"wp:attachment":[{"href":"https:\/\/slivnica.si\/index.php?rest_route=%2Fwp%2Fv2%2Fmedia&parent=14974"}],"wp:term":[{"taxonomy":"category","embeddable":true,"href":"https:\/\/slivnica.si\/index.php?rest_route=%2Fwp%2Fv2%2Fcategories&post=14974"},{"taxonomy":"post_tag","embeddable":true,"href":"https:\/\/slivnica.si\/index.php?rest_route=%2Fwp%2Fv2%2Ftags&post=14974"}],"curies":[{"name":"wp","href":"https:\/\/api.w.org\/{rel}","templated":true}]}}