{"id":14963,"date":"2021-09-23T12:26:03","date_gmt":"2021-09-23T10:26:03","guid":{"rendered":"https:\/\/slivnica.splet.arnes.si\/?p=14963"},"modified":"2021-09-23T12:31:39","modified_gmt":"2021-09-23T10:31:39","slug":"pozdrav-ptic-miru-na-prevorju-2","status":"publish","type":"post","link":"https:\/\/slivnica.si\/?p=14963","title":{"rendered":"Pozdrav ptic miru na Prevorju"},"content":{"rendered":"<p><img loading=\"lazy\" decoding=\"async\" class=\"n3VNCb aligncenter\" src=\"https:\/\/www.prvagim.si\/wp-content\/uploads\/2020\/04\/ptica.jpg\" alt=\"Pozdrav ptic miru\" width=\"166\" height=\"166\" data-noaft=\"1\" \/><\/p>\n<p>Tudi letos smo na Prevorju sodelovali v<strong> projektu Pozdrav ptic miru<\/strong>, ki ga koordinira O\u0160 Lava. S poslanico: <strong>Pustimo egoizem in samov\u0161e\u010dnost za seboj in za\u010dnimo s spo\u0161tovanjem in potrpe\u017eljivostjo,<\/strong> smo obele\u017eili 21. september, <strong>svetovni dan miru<\/strong>. Z u\u010denci prve triade smo izdelali sovice in si med seboj za\u017eeleli osebnega miru.<\/p>\n<p>&nbsp;<\/p>\n<p style=\"text-align: center\">ngg_shortcode_0_placeholder<\/p>\n","protected":false},"excerpt":{"rendered":"<p>Tudi letos smo na Prevorju sodelovali v projektu Pozdrav ptic miru, ki ga koordinira O\u0160 Lava. S poslanico: Pustimo egoizem in samov\u0161e\u010dnost za seboj in za\u010dnimo s spo\u0161tovanjem in potrpe\u017eljivostjo, smo obele\u017eili 21. september, svetovni dan miru. Z u\u010denci prve triade smo izdelali sovice in si med seboj za\u017eeleli osebnega miru. &nbsp;<\/p>\n","protected":false},"author":6009,"featured_media":0,"comment_status":"closed","ping_status":"closed","sticky":false,"template":"","format":"standard","meta":{"_et_pb_use_builder":"","_et_pb_old_content":"","_et_gb_content_width":"","ngg_post_thumbnail":0,"footnotes":"","_expiration-date-status":"","_expiration-date":0,"_expiration-date-type":"","_expiration-date-categories":[],"_expiration-date-options":[]},"categories":[9,11],"tags":[],"class_list":["post-14963","post","type-post","status-publish","format-standard","hentry","category-aktualno","category-ps-prevorje","et-doesnt-have-format-content","et_post_format-et-post-format-standard"],"_links":{"self":[{"href":"https:\/\/slivnica.si\/index.php?rest_route=\/wp\/v2\/posts\/14963","targetHints":{"allow":["GET"]}}],"collection":[{"href":"https:\/\/slivnica.si\/index.php?rest_route=\/wp\/v2\/posts"}],"about":[{"href":"https:\/\/slivnica.si\/index.php?rest_route=\/wp\/v2\/types\/post"}],"author":[{"embeddable":true,"href":"https:\/\/slivnica.si\/index.php?rest_route=\/wp\/v2\/users\/6009"}],"replies":[{"embeddable":true,"href":"https:\/\/slivnica.si\/index.php?rest_route=%2Fwp%2Fv2%2Fcomments&post=14963"}],"version-history":[{"count":6,"href":"https:\/\/slivnica.si\/index.php?rest_route=\/wp\/v2\/posts\/14963\/revisions"}],"predecessor-version":[{"id":14969,"href":"https:\/\/slivnica.si\/index.php?rest_route=\/wp\/v2\/posts\/14963\/revisions\/14969"}],"wp:attachment":[{"href":"https:\/\/slivnica.si\/index.php?rest_route=%2Fwp%2Fv2%2Fmedia&parent=14963"}],"wp:term":[{"taxonomy":"category","embeddable":true,"href":"https:\/\/slivnica.si\/index.php?rest_route=%2Fwp%2Fv2%2Fcategories&post=14963"},{"taxonomy":"post_tag","embeddable":true,"href":"https:\/\/slivnica.si\/index.php?rest_route=%2Fwp%2Fv2%2Ftags&post=14963"}],"curies":[{"name":"wp","href":"https:\/\/api.w.org\/{rel}","templated":true}]}}