{"id":14953,"date":"2021-09-19T12:37:28","date_gmt":"2021-09-19T10:37:28","guid":{"rendered":"https:\/\/slivnica.splet.arnes.si\/?p=14953"},"modified":"2021-09-19T12:49:15","modified_gmt":"2021-09-19T10:49:15","slug":"pesbus-na-prevorju-4","status":"publish","type":"post","link":"https:\/\/slivnica.si\/?p=14953","title":{"rendered":"Pe\u0161bus na Prevorju"},"content":{"rendered":"<p style=\"text-align: center\"><img loading=\"lazy\" decoding=\"async\" class=\"attachment-full  wp-post-image tc-smart-loaded aligncenter\" src=\"https:\/\/www.ossklm.si\/files\/2018\/05\/Pe\u0161bus.png\" alt=\"\" width=\"217\" height=\"217\" \/><strong>PE\u0160BUS<\/strong><\/p>\n<p><strong>Teden Evropske mobilnosti<\/strong> smo obele\u017eili tudi na Prevorju. Kljub de\u017eevnemu vremenu, smo se v petek, 17. septembra, podali pe\u0161 v \u0161olo. Skupina u\u010dencev, v spremstvu u\u010diteljic Mateje in Tine, je hodila iz smeri \u017degra. Druga skupina u\u010dencev pa se je na pot podala v spremstvu u\u010diteljice \u0160tefke, iz smeri Krivica. U\u010denci so nadvse u\u017eivali v sprehodu s svojimi so\u0161olci in kljub slabemu vremenu, z obilico dobre volje, uspe\u0161no premagali pe\u0161pot v \u0161olo.<\/p>\nngg_shortcode_0_placeholder\n<p>&nbsp;<\/p>\n<p>&nbsp;<\/p>\n","protected":false},"excerpt":{"rendered":"<p>PE\u0160BUS Teden Evropske mobilnosti smo obele\u017eili tudi na Prevorju. Kljub de\u017eevnemu vremenu, smo se v petek, 17. septembra, podali pe\u0161 v \u0161olo. Skupina u\u010dencev, v spremstvu u\u010diteljic Mateje in Tine, je hodila iz smeri \u017degra. Druga skupina u\u010dencev pa se je na pot podala v spremstvu u\u010diteljice \u0160tefke, iz smeri Krivica. U\u010denci so nadvse u\u017eivali [&hellip;]<\/p>\n","protected":false},"author":6009,"featured_media":0,"comment_status":"closed","ping_status":"closed","sticky":false,"template":"","format":"standard","meta":{"_et_pb_use_builder":"","_et_pb_old_content":"","_et_gb_content_width":"","ngg_post_thumbnail":0,"footnotes":"","_expiration-date-status":"","_expiration-date":0,"_expiration-date-type":"","_expiration-date-categories":[],"_expiration-date-options":[]},"categories":[9,11],"tags":[],"class_list":["post-14953","post","type-post","status-publish","format-standard","hentry","category-aktualno","category-ps-prevorje","et-doesnt-have-format-content","et_post_format-et-post-format-standard"],"_links":{"self":[{"href":"https:\/\/slivnica.si\/index.php?rest_route=\/wp\/v2\/posts\/14953","targetHints":{"allow":["GET"]}}],"collection":[{"href":"https:\/\/slivnica.si\/index.php?rest_route=\/wp\/v2\/posts"}],"about":[{"href":"https:\/\/slivnica.si\/index.php?rest_route=\/wp\/v2\/types\/post"}],"author":[{"embeddable":true,"href":"https:\/\/slivnica.si\/index.php?rest_route=\/wp\/v2\/users\/6009"}],"replies":[{"embeddable":true,"href":"https:\/\/slivnica.si\/index.php?rest_route=%2Fwp%2Fv2%2Fcomments&post=14953"}],"version-history":[{"count":5,"href":"https:\/\/slivnica.si\/index.php?rest_route=\/wp\/v2\/posts\/14953\/revisions"}],"predecessor-version":[{"id":14958,"href":"https:\/\/slivnica.si\/index.php?rest_route=\/wp\/v2\/posts\/14953\/revisions\/14958"}],"wp:attachment":[{"href":"https:\/\/slivnica.si\/index.php?rest_route=%2Fwp%2Fv2%2Fmedia&parent=14953"}],"wp:term":[{"taxonomy":"category","embeddable":true,"href":"https:\/\/slivnica.si\/index.php?rest_route=%2Fwp%2Fv2%2Fcategories&post=14953"},{"taxonomy":"post_tag","embeddable":true,"href":"https:\/\/slivnica.si\/index.php?rest_route=%2Fwp%2Fv2%2Ftags&post=14953"}],"curies":[{"name":"wp","href":"https:\/\/api.w.org\/{rel}","templated":true}]}}