{"id":14911,"date":"2021-09-17T08:43:20","date_gmt":"2021-09-17T06:43:20","guid":{"rendered":"https:\/\/slivnica.splet.arnes.si\/?p=14911"},"modified":"2021-09-17T08:43:20","modified_gmt":"2021-09-17T06:43:20","slug":"sportni-dan-4-in-5-razreda","status":"publish","type":"post","link":"https:\/\/slivnica.si\/?p=14911","title":{"rendered":"\u0160portni dan 4. in 5. razreda"},"content":{"rendered":"<p><a href=\"https:\/\/slivnica.si\/files\/2021\/09\/IMG-3076-scaled.jpg\"><img loading=\"lazy\" decoding=\"async\" class=\" wp-image-14912 aligncenter\" src=\"https:\/\/slivnica.si\/files\/2021\/09\/IMG-3076-300x225.jpg\" alt=\"\" width=\"309\" height=\"232\" \/><\/a><\/p>\n<p>V sredo, 15. 9. 2021, smo se z u\u010denci 4. in 5. razreda odpravili na pohod po bli\u017enji okolici. Pot nas je najprej popeljala na Peseke. Od tam smo nadaljevali v gozd in se spustili v dolino skoraj do Javorja. Ujeli smo \u0161e odli\u010dno vreme, kar smo tudi izkoristili za igro na gozdni jasi, kjer smo si tudi privo\u0161\u010dili postanek in malico. Imeli smo se odli\u010dno. Utrinke s pohoda si lahko ogledate v galeriji.<\/p>\nngg_shortcode_0_placeholder\n","protected":false},"excerpt":{"rendered":"<p>V sredo, 15. 9. 2021, smo se z u\u010denci 4. in 5. razreda odpravili na pohod po bli\u017enji okolici. Pot nas je najprej popeljala na Peseke. Od tam smo nadaljevali v gozd in se spustili v dolino skoraj do Javorja. Ujeli smo \u0161e odli\u010dno vreme, kar smo tudi izkoristili za igro na gozdni jasi, kjer [&hellip;]<\/p>\n","protected":false},"author":6080,"featured_media":0,"comment_status":"closed","ping_status":"closed","sticky":false,"template":"","format":"standard","meta":{"_et_pb_use_builder":"","_et_pb_old_content":"","_et_gb_content_width":"","ngg_post_thumbnail":0,"footnotes":"","_expiration-date-status":"","_expiration-date":0,"_expiration-date-type":"","_expiration-date-categories":[],"_expiration-date-options":[]},"categories":[9],"tags":[],"class_list":["post-14911","post","type-post","status-publish","format-standard","hentry","category-aktualno","et-doesnt-have-format-content","et_post_format-et-post-format-standard"],"_links":{"self":[{"href":"https:\/\/slivnica.si\/index.php?rest_route=\/wp\/v2\/posts\/14911","targetHints":{"allow":["GET"]}}],"collection":[{"href":"https:\/\/slivnica.si\/index.php?rest_route=\/wp\/v2\/posts"}],"about":[{"href":"https:\/\/slivnica.si\/index.php?rest_route=\/wp\/v2\/types\/post"}],"author":[{"embeddable":true,"href":"https:\/\/slivnica.si\/index.php?rest_route=\/wp\/v2\/users\/6080"}],"replies":[{"embeddable":true,"href":"https:\/\/slivnica.si\/index.php?rest_route=%2Fwp%2Fv2%2Fcomments&post=14911"}],"version-history":[{"count":2,"href":"https:\/\/slivnica.si\/index.php?rest_route=\/wp\/v2\/posts\/14911\/revisions"}],"predecessor-version":[{"id":14915,"href":"https:\/\/slivnica.si\/index.php?rest_route=\/wp\/v2\/posts\/14911\/revisions\/14915"}],"wp:attachment":[{"href":"https:\/\/slivnica.si\/index.php?rest_route=%2Fwp%2Fv2%2Fmedia&parent=14911"}],"wp:term":[{"taxonomy":"category","embeddable":true,"href":"https:\/\/slivnica.si\/index.php?rest_route=%2Fwp%2Fv2%2Fcategories&post=14911"},{"taxonomy":"post_tag","embeddable":true,"href":"https:\/\/slivnica.si\/index.php?rest_route=%2Fwp%2Fv2%2Ftags&post=14911"}],"curies":[{"name":"wp","href":"https:\/\/api.w.org\/{rel}","templated":true}]}}