{"id":14907,"date":"2021-09-16T20:46:02","date_gmt":"2021-09-16T18:46:02","guid":{"rendered":"https:\/\/slivnica.splet.arnes.si\/?p=14907"},"modified":"2021-09-16T20:46:31","modified_gmt":"2021-09-16T18:46:31","slug":"jesenski-pohod-na-prevorju","status":"publish","type":"post","link":"https:\/\/slivnica.si\/?p=14907","title":{"rendered":"Jesenski pohod na Prevorju"},"content":{"rendered":"<p><img loading=\"lazy\" decoding=\"async\" class=\"n3VNCb aligncenter\" src=\"https:\/\/vcp-roetteln.de\/wp-content\/uploads\/2018\/02\/Wanderlogo-finish-672x372.png\" alt=\"3. Stammeswanderung am Hasenhorn | VCP R\u00f6tteln\" width=\"270\" height=\"150\" data-noaft=\"1\" \/><\/p>\n<p style=\"text-align: center\"><strong><em>Veselo in urnih nog<\/em><\/strong><\/p>\n<p style=\"text-align: center\"><strong><em>\u00a0\u00a0\u00a0\u00a0\u00a0 smo se odpravili na <\/em><\/strong><\/p>\n<p style=\"text-align: center\"><strong><em>prvi prevorski<\/em><\/strong><\/p>\n<p style=\"text-align: center\"><strong><em> jesenski pohod.<\/em><\/strong><\/p>\n<p>Na <strong>prvi \u0161portni dan<\/strong> smo se odpravili<strong> pe\u0161 po dolini Bistrice in skozi Stra\u0161ko Gorco nazaj na Prevorje<\/strong>. Med potjo smo <strong>opazovali \u017eivali na pa\u0161nikih,<\/strong> <strong>pre\u010dkali potok Bistrico,<\/strong> si ogledali <strong>Lapr\u0161ekov mlin,<\/strong> prepevali pesmi in <strong>u\u017eivali v barvitosti jesenske narave<\/strong>. Dodobra smo se <strong>okrep\u010dali pri dru\u017eini Ter\u017ean v Stra\u0161ki Gorci<\/strong>, ki nas je izjemno lepo pogostila. Siti in polni prijetnih pohodni\u0161kih vtisov, smo se odpravili nazaj proti \u0161oli.<\/p>\n<p style=\"text-align: center\">ngg_shortcode_0_placeholder<\/p>\n<p style=\"text-align: center\">\n","protected":false},"excerpt":{"rendered":"<p>Veselo in urnih nog \u00a0\u00a0\u00a0\u00a0\u00a0 smo se odpravili na prvi prevorski jesenski pohod. Na prvi \u0161portni dan smo se odpravili pe\u0161 po dolini Bistrice in skozi Stra\u0161ko Gorco nazaj na Prevorje. Med potjo smo opazovali \u017eivali na pa\u0161nikih, pre\u010dkali potok Bistrico, si ogledali Lapr\u0161ekov mlin, prepevali pesmi in u\u017eivali v barvitosti jesenske narave. Dodobra smo [&hellip;]<\/p>\n","protected":false},"author":6009,"featured_media":0,"comment_status":"closed","ping_status":"closed","sticky":false,"template":"","format":"standard","meta":{"_et_pb_use_builder":"","_et_pb_old_content":"","_et_gb_content_width":"","ngg_post_thumbnail":0,"footnotes":"","_expiration-date-status":"","_expiration-date":0,"_expiration-date-type":"","_expiration-date-categories":[],"_expiration-date-options":[]},"categories":[9,11],"tags":[],"class_list":["post-14907","post","type-post","status-publish","format-standard","hentry","category-aktualno","category-ps-prevorje","et-doesnt-have-format-content","et_post_format-et-post-format-standard"],"_links":{"self":[{"href":"https:\/\/slivnica.si\/index.php?rest_route=\/wp\/v2\/posts\/14907","targetHints":{"allow":["GET"]}}],"collection":[{"href":"https:\/\/slivnica.si\/index.php?rest_route=\/wp\/v2\/posts"}],"about":[{"href":"https:\/\/slivnica.si\/index.php?rest_route=\/wp\/v2\/types\/post"}],"author":[{"embeddable":true,"href":"https:\/\/slivnica.si\/index.php?rest_route=\/wp\/v2\/users\/6009"}],"replies":[{"embeddable":true,"href":"https:\/\/slivnica.si\/index.php?rest_route=%2Fwp%2Fv2%2Fcomments&post=14907"}],"version-history":[{"count":2,"href":"https:\/\/slivnica.si\/index.php?rest_route=\/wp\/v2\/posts\/14907\/revisions"}],"predecessor-version":[{"id":14909,"href":"https:\/\/slivnica.si\/index.php?rest_route=\/wp\/v2\/posts\/14907\/revisions\/14909"}],"wp:attachment":[{"href":"https:\/\/slivnica.si\/index.php?rest_route=%2Fwp%2Fv2%2Fmedia&parent=14907"}],"wp:term":[{"taxonomy":"category","embeddable":true,"href":"https:\/\/slivnica.si\/index.php?rest_route=%2Fwp%2Fv2%2Fcategories&post=14907"},{"taxonomy":"post_tag","embeddable":true,"href":"https:\/\/slivnica.si\/index.php?rest_route=%2Fwp%2Fv2%2Ftags&post=14907"}],"curies":[{"name":"wp","href":"https:\/\/api.w.org\/{rel}","templated":true}]}}