{"id":14855,"date":"2021-09-02T17:21:14","date_gmt":"2021-09-02T15:21:14","guid":{"rendered":"https:\/\/slivnica.splet.arnes.si\/?p=14855"},"modified":"2021-09-02T17:48:31","modified_gmt":"2021-09-02T15:48:31","slug":"sprejem-prvosolcev-v-ps-loka","status":"publish","type":"post","link":"https:\/\/slivnica.si\/?p=14855","title":{"rendered":"Sprejem prvo\u0161olcev v P\u0160 Loka"},"content":{"rendered":"<p><strong>Ni u\u010dilnica prijazna, \u010de je tiha, \u010de je prazna.<\/strong><\/p>\n<p><strong>\u0160olska klop ni\u010d bolj\u0161a ni, \u010de nih\u010de tam ne sedi.<\/strong><\/p>\n<p><strong>Vse september prebudi, ko se v \u0161olo prismeji.<\/strong><\/p>\n<p>&nbsp;<\/p>\n<p style=\"text-align: left\">Prag na\u0161e \u0161ole je letos veselo prestopilo kar 11 prvo\u0161olcev. Sprejeli smo jih u\u010denci in u\u010diteljice s \u0161palirjem ter cvetjem.<\/p>\n<p style=\"text-align: left\">Bodo\u010de prvo\u0161olce in star\u0161e je najprej pozdravila vodja \u0161ole Frida Guben\u0161ek.\u00a0Pripravili smo jim kratek kulturni program, ki sta ga vodili u\u010denki 3. razreda &#8211; Karin in Alina.<\/p>\n<p style=\"text-align: left\">Razveselili smo jih z deklamacijo, petjem pevskega zbora ob spremljavi u\u010diteljice Anje Bre\u010dko, s plesom in dramsko igrico.<\/p>\n<p style=\"text-align: left\">Nato so prvo\u0161olci z razredni\u010darko Dragico pogumno zakorakali v svojo novo u\u010dilnico.\u00a0Po predstavitvi in dru\u017eenju v razredu je sledilo \u0161e sladko presene\u010denje \u2013 tortica.<\/p>\n<p style=\"text-align: left\">Na koncu pa sta nas obiskala \u0161e \u017eupan ob\u010dine gospod Marko Diaci in ravnateljica gospa Breda \u017dupanc, ki sta prvo\u0161olcem in star\u0161em namenila nekaj vzpodbudnih besed. \u017dupan pa jih je obdaril s knjigo, kresni\u010dko in rutico.<\/p>\n<p style=\"text-align: left\">Z baloni, \u0161olskimi kov\u010dki in lepimi spomini so prvo\u0161olci od\u0161li domov.<\/p>\nngg_shortcode_0_placeholder\n","protected":false},"excerpt":{"rendered":"<p>Ni u\u010dilnica prijazna, \u010de je tiha, \u010de je prazna. \u0160olska klop ni\u010d bolj\u0161a ni, \u010de nih\u010de tam ne sedi. Vse september prebudi, ko se v \u0161olo prismeji. &nbsp; Prag na\u0161e \u0161ole je letos veselo prestopilo kar 11 prvo\u0161olcev. Sprejeli smo jih u\u010denci in u\u010diteljice s \u0161palirjem ter cvetjem. Bodo\u010de prvo\u0161olce in star\u0161e je najprej pozdravila [&hellip;]<\/p>\n","protected":false},"author":6597,"featured_media":0,"comment_status":"closed","ping_status":"closed","sticky":false,"template":"","format":"standard","meta":{"_et_pb_use_builder":"","_et_pb_old_content":"","_et_gb_content_width":"","ngg_post_thumbnail":0,"footnotes":"","_expiration-date-status":"","_expiration-date":0,"_expiration-date-type":"","_expiration-date-categories":[],"_expiration-date-options":[]},"categories":[9,10],"tags":[],"class_list":["post-14855","post","type-post","status-publish","format-standard","hentry","category-aktualno","category-ps-loka","et-doesnt-have-format-content","et_post_format-et-post-format-standard"],"_links":{"self":[{"href":"https:\/\/slivnica.si\/index.php?rest_route=\/wp\/v2\/posts\/14855","targetHints":{"allow":["GET"]}}],"collection":[{"href":"https:\/\/slivnica.si\/index.php?rest_route=\/wp\/v2\/posts"}],"about":[{"href":"https:\/\/slivnica.si\/index.php?rest_route=\/wp\/v2\/types\/post"}],"author":[{"embeddable":true,"href":"https:\/\/slivnica.si\/index.php?rest_route=\/wp\/v2\/users\/6597"}],"replies":[{"embeddable":true,"href":"https:\/\/slivnica.si\/index.php?rest_route=%2Fwp%2Fv2%2Fcomments&post=14855"}],"version-history":[{"count":6,"href":"https:\/\/slivnica.si\/index.php?rest_route=\/wp\/v2\/posts\/14855\/revisions"}],"predecessor-version":[{"id":14861,"href":"https:\/\/slivnica.si\/index.php?rest_route=\/wp\/v2\/posts\/14855\/revisions\/14861"}],"wp:attachment":[{"href":"https:\/\/slivnica.si\/index.php?rest_route=%2Fwp%2Fv2%2Fmedia&parent=14855"}],"wp:term":[{"taxonomy":"category","embeddable":true,"href":"https:\/\/slivnica.si\/index.php?rest_route=%2Fwp%2Fv2%2Fcategories&post=14855"},{"taxonomy":"post_tag","embeddable":true,"href":"https:\/\/slivnica.si\/index.php?rest_route=%2Fwp%2Fv2%2Ftags&post=14855"}],"curies":[{"name":"wp","href":"https:\/\/api.w.org\/{rel}","templated":true}]}}