{"id":14833,"date":"2021-08-30T09:03:44","date_gmt":"2021-08-30T07:03:44","guid":{"rendered":"https:\/\/slivnica.splet.arnes.si\/?p=14833"},"modified":"2021-08-31T12:51:23","modified_gmt":"2021-08-31T10:51:23","slug":"prvi-solski-dan-v-gorici-3","status":"publish","type":"post","link":"https:\/\/slivnica.si\/?p=14833","title":{"rendered":"Prvi \u0161olski dan v Gorici"},"content":{"rendered":"<p>Spo\u0161tovani star\u0161i in u\u010denci!<\/p>\n<p>Pouk na mati\u010dni \u0161oli se bo pri\u010del 1. septembra 2021 ob 8. uri. Ta dan bo organizirano jutranje varstvo in podalj\u0161ano bivanje ter vsi obroki prehrane.<\/p>\n<p>Pouk za u\u010dence od 1.- 5. razreda se bo kon\u010dal ob 10.40, za u\u010dence od 6.-9. razreda pa ob 11. 10. Po kon\u010danem pouku bo odhod avtobusa za u\u010dence od 2.- 5. razreda ob 10. 45, za u\u010dence od 6.-9. razreda ob 11.15.<\/p>\n<p>U\u010denci boste prvi \u0161olski dan prejeli u\u010dbenike iz u\u010dbeni\u0161kega sklada. S seboj prinesite dodatno vre\u010dko.<\/p>\n<p>Posebej vas bi radi opozorili, da \u0161e vedno potekajo obnovitvena dela v \u0161oli v Gorici, zaradi \u010desar bo gibanje po \u0161oli delno omejeno.<\/p>\n<p>Garderoba za u\u010dence od 6.- 9. razreda bo v prehodni u\u010dilnici, <strong>vstop v \u0161olo bo iz igri\u0161\u010da skozi vrata pri telovadnici<\/strong>. Za u\u010dence od 1.- 5. razreda ostajata garderoba in vhod na istem mestu.<\/p>\n<p>Veselimo se ponovnega sre\u010danja v \u0161oli.<\/p>\n<p>&nbsp;<\/p>\n<p>&nbsp;<\/p>\n<p>&nbsp;<\/p>\n<p>&nbsp;<\/p>\n<p>&nbsp;<\/p>\n","protected":false},"excerpt":{"rendered":"<p>Spo\u0161tovani star\u0161i in u\u010denci! Pouk na mati\u010dni \u0161oli se bo pri\u010del 1. septembra 2021 ob 8. uri. Ta dan bo organizirano jutranje varstvo in podalj\u0161ano bivanje ter vsi obroki prehrane. Pouk za u\u010dence od 1.- 5. razreda se bo kon\u010dal ob 10.40, za u\u010dence od 6.-9. razreda pa ob 11. 10. Po kon\u010danem pouku bo [&hellip;]<\/p>\n","protected":false},"author":5704,"featured_media":0,"comment_status":"closed","ping_status":"closed","sticky":false,"template":"","format":"standard","meta":{"_et_pb_use_builder":"","_et_pb_old_content":"","_et_gb_content_width":"","ngg_post_thumbnail":0,"footnotes":"","_expiration-date-status":"","_expiration-date":0,"_expiration-date-type":"","_expiration-date-categories":[],"_expiration-date-options":[]},"categories":[9],"tags":[],"class_list":["post-14833","post","type-post","status-publish","format-standard","hentry","category-aktualno","et-doesnt-have-format-content","et_post_format-et-post-format-standard"],"_links":{"self":[{"href":"https:\/\/slivnica.si\/index.php?rest_route=\/wp\/v2\/posts\/14833","targetHints":{"allow":["GET"]}}],"collection":[{"href":"https:\/\/slivnica.si\/index.php?rest_route=\/wp\/v2\/posts"}],"about":[{"href":"https:\/\/slivnica.si\/index.php?rest_route=\/wp\/v2\/types\/post"}],"author":[{"embeddable":true,"href":"https:\/\/slivnica.si\/index.php?rest_route=\/wp\/v2\/users\/5704"}],"replies":[{"embeddable":true,"href":"https:\/\/slivnica.si\/index.php?rest_route=%2Fwp%2Fv2%2Fcomments&post=14833"}],"version-history":[{"count":3,"href":"https:\/\/slivnica.si\/index.php?rest_route=\/wp\/v2\/posts\/14833\/revisions"}],"predecessor-version":[{"id":14846,"href":"https:\/\/slivnica.si\/index.php?rest_route=\/wp\/v2\/posts\/14833\/revisions\/14846"}],"wp:attachment":[{"href":"https:\/\/slivnica.si\/index.php?rest_route=%2Fwp%2Fv2%2Fmedia&parent=14833"}],"wp:term":[{"taxonomy":"category","embeddable":true,"href":"https:\/\/slivnica.si\/index.php?rest_route=%2Fwp%2Fv2%2Fcategories&post=14833"},{"taxonomy":"post_tag","embeddable":true,"href":"https:\/\/slivnica.si\/index.php?rest_route=%2Fwp%2Fv2%2Ftags&post=14833"}],"curies":[{"name":"wp","href":"https:\/\/api.w.org\/{rel}","templated":true}]}}