{"id":14832,"date":"2021-08-30T09:19:18","date_gmt":"2021-08-30T07:19:18","guid":{"rendered":"https:\/\/slivnica.splet.arnes.si\/?p=14832"},"modified":"2021-08-30T09:19:18","modified_gmt":"2021-08-30T07:19:18","slug":"otvoritev-razstave-mladost-ni-norost-2021-in-podelitev-diplom","status":"publish","type":"post","link":"https:\/\/slivnica.si\/?p=14832","title":{"rendered":"Otvoritev razstave Mladost ni norost 2021 in podelitev diplom"},"content":{"rendered":"<p>V soboto, 28. 8. 2021, je bila slavnostna otvoritev <strong>fotografske razstave Mladost ni norost 2021<\/strong>, v galeriji Fbunker, v Velenju ter podelitev nagrad in priznanj.<\/p>\n<p><strong>Na\u0161a u\u010denka<\/strong> je prejela <strong>diplomo \u010dastne omembe Digitalnega foto kluba<\/strong> za svojo fotografijo, z mo\u010dnim in aktualnim sporo\u010dilom: Ali bomo letos \u0161li na morje? Iskrene \u010destitke!<\/p>\n<p>Na\u0161a \u0161ola pa je bila tudi <strong>najuspe\u0161nej\u0161a osnovna \u0161ola na nate\u010daju,<\/strong> razstavlja kar 12 na\u0161ih u\u010dencev.<\/p>\n<p>Katalog si lahko pogledate na tej povezavi<a href=\"https:\/\/www.digitalna-kamera.si\/digitalna-revija\/#\/profile\/11\">: https:\/\/www.digitalna-kamera.si\/digitalna-revija\/#\/profile\/11<\/a><\/p>\n<p>Povezava do \u010dlanka: <a href=\"https:\/\/www.digitalna-kamera.si\/digitalna-revija\/#\/profile\/11\">https:\/\/www.digitalna-kamera.si\/digitalna-revija\/#\/profile\/11<\/a><\/p>\n<p>Vljudno vabljeni, da si razstavo ogledate tudi sami.<\/p>\nngg_shortcode_0_placeholder\n","protected":false},"excerpt":{"rendered":"<p>V soboto, 28. 8. 2021, je bila slavnostna otvoritev fotografske razstave Mladost ni norost 2021, v galeriji Fbunker, v Velenju ter podelitev nagrad in priznanj. Na\u0161a u\u010denka je prejela diplomo \u010dastne omembe Digitalnega foto kluba za svojo fotografijo, z mo\u010dnim in aktualnim sporo\u010dilom: Ali bomo letos \u0161li na morje? Iskrene \u010destitke! Na\u0161a \u0161ola pa je [&hellip;]<\/p>\n","protected":false},"author":7958,"featured_media":0,"comment_status":"closed","ping_status":"closed","sticky":false,"template":"","format":"standard","meta":{"_et_pb_use_builder":"","_et_pb_old_content":"","_et_gb_content_width":"","ngg_post_thumbnail":0,"footnotes":"","_expiration-date-status":"","_expiration-date":0,"_expiration-date-type":"","_expiration-date-categories":[],"_expiration-date-options":[]},"categories":[9],"tags":[],"class_list":["post-14832","post","type-post","status-publish","format-standard","hentry","category-aktualno","et-doesnt-have-format-content","et_post_format-et-post-format-standard"],"_links":{"self":[{"href":"https:\/\/slivnica.si\/index.php?rest_route=\/wp\/v2\/posts\/14832","targetHints":{"allow":["GET"]}}],"collection":[{"href":"https:\/\/slivnica.si\/index.php?rest_route=\/wp\/v2\/posts"}],"about":[{"href":"https:\/\/slivnica.si\/index.php?rest_route=\/wp\/v2\/types\/post"}],"author":[{"embeddable":true,"href":"https:\/\/slivnica.si\/index.php?rest_route=\/wp\/v2\/users\/7958"}],"replies":[{"embeddable":true,"href":"https:\/\/slivnica.si\/index.php?rest_route=%2Fwp%2Fv2%2Fcomments&post=14832"}],"version-history":[{"count":3,"href":"https:\/\/slivnica.si\/index.php?rest_route=\/wp\/v2\/posts\/14832\/revisions"}],"predecessor-version":[{"id":14837,"href":"https:\/\/slivnica.si\/index.php?rest_route=\/wp\/v2\/posts\/14832\/revisions\/14837"}],"wp:attachment":[{"href":"https:\/\/slivnica.si\/index.php?rest_route=%2Fwp%2Fv2%2Fmedia&parent=14832"}],"wp:term":[{"taxonomy":"category","embeddable":true,"href":"https:\/\/slivnica.si\/index.php?rest_route=%2Fwp%2Fv2%2Fcategories&post=14832"},{"taxonomy":"post_tag","embeddable":true,"href":"https:\/\/slivnica.si\/index.php?rest_route=%2Fwp%2Fv2%2Ftags&post=14832"}],"curies":[{"name":"wp","href":"https:\/\/api.w.org\/{rel}","templated":true}]}}