{"id":14828,"date":"2021-08-30T08:43:23","date_gmt":"2021-08-30T06:43:23","guid":{"rendered":"https:\/\/slivnica.splet.arnes.si\/?p=14828"},"modified":"2021-08-30T09:36:26","modified_gmt":"2021-08-30T07:36:26","slug":"zacetek-solskega-leta-2021-2022","status":"publish","type":"post","link":"https:\/\/slivnica.si\/?p=14828","title":{"rendered":"Za\u010detek \u0161olskega leta 2021\/2022"},"content":{"rendered":"<p>Spo\u0161tovani star\u0161i in u\u010denci!<\/p>\n<p>V sredo, 1. 9. 2021, za\u010denjamo s poukom na mati\u010dni \u0161oli in podru\u017enicah. Na \u0161oli pripravljamo vse potrebno za za\u010detek \u0161olskega leta in se veselimo, da se sre\u010damo v \u0161oli.<\/p>\n<p>Pouk se bo izvajal po <strong>modelu B<\/strong>:<\/p>\n<ul>\n<li>vsi u\u010denci bodo imeli pouk v \u0161oli, izvajali bomo tudi druge dejavnosti (jutranje varstvo, podalj\u0161ano bivanje, neobvezne in obvezne izbirne predmete, interesne dejavnosti &#8230;), pri tem pa veljajo omejitve, ki se nana\u0161ajo na vzdr\u017eevanje higienskega re\u017eima ter izvajanje preventivnih ukrepov,<\/li>\n<li>vsi u\u010denci bodo pri gibanju izven mati\u010dnih u\u010dilnic uporabljali maske,<\/li>\n<li>organizirana bo \u0161olska prehrana,<\/li>\n<li>organiziran je \u0161olski prevoz, pri \u010demer velja, da je dovoljena polna zasedenost sedi\u0161\u010d v avtobusih, obvezna pa je uporaba za\u0161\u010ditnih mask za voznika in vse potnike.<\/li>\n<\/ul>\n<p>Star\u0161i in skrbniki u\u010dencev od 7.- 9. razreda boste prejeli od razrednikov obvestilo o samotestiranju, ki je za u\u010dence prostovoljno.<\/p>\n<p>Za vstop v prostore \u0161ole morajo vse osebe starej\u0161e od 15 let izpolnjevati pogoj PCT. Izjema so star\u0161i in druge osebe, ki pripeljejo ali odpeljejo otroka v vrtec, 1., 2. ali 3. razred osnovne \u0161ole.<\/p>\n<p>Za vse, ki vstopajo v \u0161olo je obvezno no\u0161enje za\u0161\u010ditne maske in upo\u0161tevanje drugih preventivnih ukrepov.<\/p>\n<p>Spo\u0161tovani star\u0161i, da bomo lahko uspe\u0161no za\u010deli in nadaljevali \u0161olsko leto vas obve\u0161\u010damo, da <strong>je zelo pomembno, da v \u0161olo vstopajo samo zdravi u\u010denci.<\/strong> Obve\u0161\u010damo vas, da ob pri\u010detku \u0161olskega leta <strong>ni potrebno<\/strong> podajati izjav o zdravstvenem stanju otrok.<\/p>\n<p>Breda \u017dupanc<\/p>\n","protected":false},"excerpt":{"rendered":"<p>Spo\u0161tovani star\u0161i in u\u010denci! V sredo, 1. 9. 2021, za\u010denjamo s poukom na mati\u010dni \u0161oli in podru\u017enicah. Na \u0161oli pripravljamo vse potrebno za za\u010detek \u0161olskega leta in se veselimo, da se sre\u010damo v \u0161oli. Pouk se bo izvajal po modelu B: vsi u\u010denci bodo imeli pouk v \u0161oli, izvajali bomo tudi druge dejavnosti (jutranje varstvo, [&hellip;]<\/p>\n","protected":false},"author":5704,"featured_media":0,"comment_status":"closed","ping_status":"closed","sticky":false,"template":"","format":"standard","meta":{"_et_pb_use_builder":"","_et_pb_old_content":"","_et_gb_content_width":"","ngg_post_thumbnail":0,"footnotes":"","_expiration-date-status":"","_expiration-date":0,"_expiration-date-type":"","_expiration-date-categories":[],"_expiration-date-options":[]},"categories":[9],"tags":[],"class_list":["post-14828","post","type-post","status-publish","format-standard","hentry","category-aktualno","et-doesnt-have-format-content","et_post_format-et-post-format-standard"],"_links":{"self":[{"href":"https:\/\/slivnica.si\/index.php?rest_route=\/wp\/v2\/posts\/14828","targetHints":{"allow":["GET"]}}],"collection":[{"href":"https:\/\/slivnica.si\/index.php?rest_route=\/wp\/v2\/posts"}],"about":[{"href":"https:\/\/slivnica.si\/index.php?rest_route=\/wp\/v2\/types\/post"}],"author":[{"embeddable":true,"href":"https:\/\/slivnica.si\/index.php?rest_route=\/wp\/v2\/users\/5704"}],"replies":[{"embeddable":true,"href":"https:\/\/slivnica.si\/index.php?rest_route=%2Fwp%2Fv2%2Fcomments&post=14828"}],"version-history":[{"count":3,"href":"https:\/\/slivnica.si\/index.php?rest_route=\/wp\/v2\/posts\/14828\/revisions"}],"predecessor-version":[{"id":14839,"href":"https:\/\/slivnica.si\/index.php?rest_route=\/wp\/v2\/posts\/14828\/revisions\/14839"}],"wp:attachment":[{"href":"https:\/\/slivnica.si\/index.php?rest_route=%2Fwp%2Fv2%2Fmedia&parent=14828"}],"wp:term":[{"taxonomy":"category","embeddable":true,"href":"https:\/\/slivnica.si\/index.php?rest_route=%2Fwp%2Fv2%2Fcategories&post=14828"},{"taxonomy":"post_tag","embeddable":true,"href":"https:\/\/slivnica.si\/index.php?rest_route=%2Fwp%2Fv2%2Ftags&post=14828"}],"curies":[{"name":"wp","href":"https:\/\/api.w.org\/{rel}","templated":true}]}}