{"id":14822,"date":"2021-08-27T09:23:58","date_gmt":"2021-08-27T07:23:58","guid":{"rendered":"https:\/\/slivnica.splet.arnes.si\/?p=14822"},"modified":"2021-08-27T09:24:39","modified_gmt":"2021-08-27T07:24:39","slug":"prvi-solski-dan-v-loki-pri-zusmu","status":"publish","type":"post","link":"https:\/\/slivnica.si\/?p=14822","title":{"rendered":"Prvi \u0161olski dan v Loki pri \u017dusmu"},"content":{"rendered":"<h6 style=\"text-align: center\"><em>Po\u010ditnic bo kmalu konec in spet zazvonil \u0161olski bo zvonec.<\/em><\/h6>\n<h6 style=\"text-align: center\"><em>Torbice na rame bomo dali in veselo v \u0161olo se podali!<\/em><a href=\"https:\/\/slivnica.si\/files\/2021\/08\/solarji-1.jpg\"><img loading=\"lazy\" decoding=\"async\" class=\"size-full wp-image-14824 aligncenter\" src=\"https:\/\/slivnica.si\/files\/2021\/08\/solarji-1.jpg\" alt=\"\" width=\"189\" height=\"245\" \/><\/a><\/h6>\n<h6 style=\"text-align: left\">Spo\u0161tovani u\u010denci in star\u0161i!<\/h6>\n<p>&nbsp;<\/p>\n<p style=\"text-align: left\">Pouk v na\u0161i podru\u017enici se bo na prvi \u0161olski dan<strong>, 1. septembra 2021, <\/strong>pri\u010del ob\u00a0<strong>8. uri. <\/strong><\/p>\n<p style=\"text-align: left\">\u0160olski avtobusi bodo zjutraj vozili po voznem redu, ki je veljal \u017ee v lanskem \u0161olskem letu. Organizirano bo jutranje<\/p>\n<p style=\"text-align: left\">varstvo in podalj\u0161ano bivanje, seveda pa tudi obroki prehrane (malica, kosilo). Pouk se bo kon\u010dal ob 11. uri.<\/p>\n<p style=\"text-align: left\">Odhod avtobusa je na\u010drtovan ob 11.30 iz Loke.<\/p>\n<p style=\"text-align: left\"><strong>Prvo\u0161olci\u00a0<\/strong>so v \u0161olo vabljeni\u00a0ob<strong>\u00a010.30<\/strong>, ob 12.15 jih bosta obiskala \u0161e \u017eupan mag. Marko Diaci ter ravnateljica \u0161ole.<\/p>\n<p style=\"text-align: left\"><em><strong>\u00a0\u00a0\u00a0\u00a0\u00a0\u00a0\u00a0<\/strong><\/em><\/p>\n<p style=\"text-align: left\"><em><strong> Veselimo se sre\u010danja z vami!<\/strong><\/em><\/p>\n<p>&nbsp;<\/p>\n","protected":false},"excerpt":{"rendered":"<p>Po\u010ditnic bo kmalu konec in spet zazvonil \u0161olski bo zvonec. Torbice na rame bomo dali in veselo v \u0161olo se podali! Spo\u0161tovani u\u010denci in star\u0161i! &nbsp; Pouk v na\u0161i podru\u017enici se bo na prvi \u0161olski dan, 1. septembra 2021, pri\u010del ob\u00a08. uri. \u0160olski avtobusi bodo zjutraj vozili po voznem redu, ki je veljal \u017ee v [&hellip;]<\/p>\n","protected":false},"author":5997,"featured_media":0,"comment_status":"closed","ping_status":"closed","sticky":false,"template":"","format":"standard","meta":{"_et_pb_use_builder":"","_et_pb_old_content":"","_et_gb_content_width":"","ngg_post_thumbnail":0,"footnotes":"","_expiration-date-status":"","_expiration-date":0,"_expiration-date-type":"","_expiration-date-categories":[],"_expiration-date-options":[]},"categories":[9,10],"tags":[],"class_list":["post-14822","post","type-post","status-publish","format-standard","hentry","category-aktualno","category-ps-loka","et-doesnt-have-format-content","et_post_format-et-post-format-standard"],"_links":{"self":[{"href":"https:\/\/slivnica.si\/index.php?rest_route=\/wp\/v2\/posts\/14822","targetHints":{"allow":["GET"]}}],"collection":[{"href":"https:\/\/slivnica.si\/index.php?rest_route=\/wp\/v2\/posts"}],"about":[{"href":"https:\/\/slivnica.si\/index.php?rest_route=\/wp\/v2\/types\/post"}],"author":[{"embeddable":true,"href":"https:\/\/slivnica.si\/index.php?rest_route=\/wp\/v2\/users\/5997"}],"replies":[{"embeddable":true,"href":"https:\/\/slivnica.si\/index.php?rest_route=%2Fwp%2Fv2%2Fcomments&post=14822"}],"version-history":[{"count":2,"href":"https:\/\/slivnica.si\/index.php?rest_route=\/wp\/v2\/posts\/14822\/revisions"}],"predecessor-version":[{"id":14826,"href":"https:\/\/slivnica.si\/index.php?rest_route=\/wp\/v2\/posts\/14822\/revisions\/14826"}],"wp:attachment":[{"href":"https:\/\/slivnica.si\/index.php?rest_route=%2Fwp%2Fv2%2Fmedia&parent=14822"}],"wp:term":[{"taxonomy":"category","embeddable":true,"href":"https:\/\/slivnica.si\/index.php?rest_route=%2Fwp%2Fv2%2Fcategories&post=14822"},{"taxonomy":"post_tag","embeddable":true,"href":"https:\/\/slivnica.si\/index.php?rest_route=%2Fwp%2Fv2%2Ftags&post=14822"}],"curies":[{"name":"wp","href":"https:\/\/api.w.org\/{rel}","templated":true}]}}