{"id":14768,"date":"2021-06-24T15:13:31","date_gmt":"2021-06-24T13:13:31","guid":{"rendered":"http:\/\/slivnica.splet.arnes.si\/?p=14768"},"modified":"2021-06-24T15:21:59","modified_gmt":"2021-06-24T13:21:59","slug":"ravnateljica-in-pomocnica-ravnateljice-sta-se-poslovili-tudi-na-prevorju","status":"publish","type":"post","link":"https:\/\/slivnica.si\/?p=14768","title":{"rendered":"Ravnateljica in pomo\u010dnica ravnateljice sta se poslovili tudi na Prevorju"},"content":{"rendered":"<p style=\"text-align: center\"><span style=\"color: #000000\"><em><strong>Vsi otroci so na\u0161i otroci,<\/strong><\/em><\/span><\/p>\n<p style=\"text-align: center\"><span style=\"color: #000000\"><em><strong>je rekel prijazen glas,<\/strong><\/em><\/span><\/p>\n<p style=\"text-align: center\"><span style=\"color: #000000\"><em><strong>vse smrklje in frklje in froci,<\/strong><\/em><\/span><\/p>\n<p style=\"text-align: center\"><em><strong><span style=\"color: #000000\">\u00a0\u00a0\u00a0\u00a0\u00a0\u00a0\u00a0\u00a0\u00a0\u00a0\u00a0\u00a0\u00a0\u00a0\u00a0\u00a0\u00a0 vsi svetlih, \u010drnih in skodranih las<\/span>. <\/strong>(T. Pav\u010dek)<\/em><\/p>\n<p>S temi <strong>Pav\u010dkovimi verzi<\/strong> smo se v sredo, 23. junija, na Prevorju poslovili od <strong>ravnateljice Marjete Ko\u0161ak<\/strong> in <strong>pomo\u010dnice<\/strong> <strong>ravnateljici, Majde Pinter Zeli\u010d<\/strong>. S petjem, ritmi\u010dnim plesom in igranjem na glasbila, smo ju \u0161e zadnji\u010d pred zaslu\u017eeno upokojitvijo neizmerno razveselili.<\/p>\nngg_shortcode_0_placeholder\n","protected":false},"excerpt":{"rendered":"<p>Vsi otroci so na\u0161i otroci, je rekel prijazen glas, vse smrklje in frklje in froci, \u00a0\u00a0\u00a0\u00a0\u00a0\u00a0\u00a0\u00a0\u00a0\u00a0\u00a0\u00a0\u00a0\u00a0\u00a0\u00a0\u00a0 vsi svetlih, \u010drnih in skodranih las. (T. Pav\u010dek) S temi Pav\u010dkovimi verzi smo se v sredo, 23. junija, na Prevorju poslovili od ravnateljice Marjete Ko\u0161ak in pomo\u010dnice ravnateljici, Majde Pinter Zeli\u010d. S petjem, ritmi\u010dnim plesom in igranjem na glasbila, [&hellip;]<\/p>\n","protected":false},"author":6009,"featured_media":0,"comment_status":"closed","ping_status":"closed","sticky":false,"template":"","format":"standard","meta":{"_et_pb_use_builder":"","_et_pb_old_content":"","_et_gb_content_width":"","ngg_post_thumbnail":0,"footnotes":"","_expiration-date-status":"","_expiration-date":0,"_expiration-date-type":"","_expiration-date-categories":[],"_expiration-date-options":[]},"categories":[9,11],"tags":[],"class_list":["post-14768","post","type-post","status-publish","format-standard","hentry","category-aktualno","category-ps-prevorje","et-doesnt-have-format-content","et_post_format-et-post-format-standard"],"_links":{"self":[{"href":"https:\/\/slivnica.si\/index.php?rest_route=\/wp\/v2\/posts\/14768","targetHints":{"allow":["GET"]}}],"collection":[{"href":"https:\/\/slivnica.si\/index.php?rest_route=\/wp\/v2\/posts"}],"about":[{"href":"https:\/\/slivnica.si\/index.php?rest_route=\/wp\/v2\/types\/post"}],"author":[{"embeddable":true,"href":"https:\/\/slivnica.si\/index.php?rest_route=\/wp\/v2\/users\/6009"}],"replies":[{"embeddable":true,"href":"https:\/\/slivnica.si\/index.php?rest_route=%2Fwp%2Fv2%2Fcomments&post=14768"}],"version-history":[{"count":3,"href":"https:\/\/slivnica.si\/index.php?rest_route=\/wp\/v2\/posts\/14768\/revisions"}],"predecessor-version":[{"id":14771,"href":"https:\/\/slivnica.si\/index.php?rest_route=\/wp\/v2\/posts\/14768\/revisions\/14771"}],"wp:attachment":[{"href":"https:\/\/slivnica.si\/index.php?rest_route=%2Fwp%2Fv2%2Fmedia&parent=14768"}],"wp:term":[{"taxonomy":"category","embeddable":true,"href":"https:\/\/slivnica.si\/index.php?rest_route=%2Fwp%2Fv2%2Fcategories&post=14768"},{"taxonomy":"post_tag","embeddable":true,"href":"https:\/\/slivnica.si\/index.php?rest_route=%2Fwp%2Fv2%2Ftags&post=14768"}],"curies":[{"name":"wp","href":"https:\/\/api.w.org\/{rel}","templated":true}]}}